{"id":4259,"date":"2025-02-24T20:09:46","date_gmt":"2025-02-24T23:09:46","guid":{"rendered":"https:\/\/lalupa24.com.ar\/?p=4259"},"modified":"2025-02-24T20:09:46","modified_gmt":"2025-02-24T23:09:46","slug":"el-gobierno-provincial-presento-el-programa-de-formacion-2025-del-cefca-para-empleados-publicos","status":"publish","type":"post","link":"https:\/\/lalupa24.com.ar\/index.php\/2025\/02\/24\/el-gobierno-provincial-presento-el-programa-de-formacion-2025-del-cefca-para-empleados-publicos\/","title":{"rendered":"El gobierno provincial present\u00f3 el programa de formaci\u00f3n 2025 del CEFCA para empleados p\u00fablicos"},"content":{"rendered":"\n<p>\u201dLa gente quiere un Estado \u00e1gil y moderno y en esa direcci\u00f3n estamos yendo\u201d, dijo Livio Guti\u00e9rrez. Se firm\u00f3 adem\u00e1s un convenio de cooperaci\u00f3n con la UNNE para la capacitaci\u00f3n y transferencia de tecnolog\u00edas.<\/p>\n\n\n\n<p>El Gobierno provincial y el Centro de Implementaci\u00f3n de Pol\u00edticas P\u00fablicas para la Equidad y el Crecimiento (CIPPEC) presentaron hoy el plan de acci\u00f3n y objetivos 2025 del Centro de Formaci\u00f3n y Capacitaci\u00f3n en Administraci\u00f3n P\u00fablica del Chaco (CEFCA). \u201cLa celeridad, la claridad y la transparencia, son los pilares centrales de esta propuesta de formaci\u00f3n para empleados p\u00fablicos con el objeto de atender eficientemente las demandas de la sociedad\u201d, subray\u00f3 el secretario de Coordinaci\u00f3n de Gabinete y presidente del CEFC, Livio Guti\u00e9rrez.<\/p>\n\n\n\n<p>El funcionario destac\u00f3 el trabajo articulado entre los organismos p\u00fablicos y el CIPPEC (organismo nacional) para avanzar en una \u201cvisi\u00f3n de futuro\u201d que permita optimizar la gesti\u00f3n p\u00fablica en Chaco. Es que a partir de la fusi\u00f3n de la Escuela de Gobierno y el Instituto Provincial de la Administraci\u00f3n P\u00fablica (IPAP) en el nuevo CEFCA, se trabaj\u00f3 con el apoyo de CIPPEC en el proceso de integraci\u00f3n y definici\u00f3n de nuevos objetivos y programas formativos de cara al 2025, incorporando los desaf\u00edos de las administraciones p\u00fablicas frente a las nuevas tecnolog\u00edas.<\/p>\n\n\n\n<p>\u201cLa gente quiere un Estado \u00e1gil y moderno, no es tarea f\u00e1cil pero con el apoyo de los distintos organismos llegaremos a buen camino\u201d, se\u00f1al\u00f3 en referencia al aporte del Consejo Federal de Inversiones (CFI), el CIPPEC y la Universidad Nacional del Nordeste. En esa l\u00ednea, coment\u00f3 que se viene trabajando en un programa de capacitaci\u00f3n para municipios que pr\u00f3ximamente ser\u00e1 presentado, para mejorar el funcionamiento de las administraciones municipales.<\/p>\n\n\n\n<p>\u201cLos desaf\u00edos de modernizaci\u00f3n del Chaco empezaron implementarse en todas las \u00e1reas, como por ejemplo los registros civiles con el sistema de turnos digitales, y la modernizaci\u00f3n del sistema de compras del Estado\u201d, apunt\u00f3. Asimismo, hizo hincapi\u00e9 en la importancia de avanzar en planes de gobierno reales, que puedan ser aplicados en lo inmediato para transformar al Estado. Junto a Guti\u00e9rrez, participaron del lanzamiento los subsecretarios de Modernizaci\u00f3n, Federico Vald\u00e9z; y de Planificaci\u00f3n y Evaluaci\u00f3n de Resultados, V\u00edctor Rodr\u00edguez; el director del \u00e1rea de Estado y Gobierno del Cippec, Mauro Solana; el rector de la UNNE Omar Larroza; y las vocales del Cefca, Carina Botteri y Jimena Molina; adem\u00e1s de los diputados Carlos Salom y Zulma Galeano.<\/p>\n\n\n\n<p>\u201dUn Estado abierto\u201d<\/p>\n\n\n\n<p>Mauro Solano, del CIPPEC, destac\u00f3 la consolidaci\u00f3n del centro de formaci\u00f3n de la administraci\u00f3n p\u00fablica chaque\u00f1a, que fue una meta planteada un a\u00f1o atr\u00e1s en la presentaci\u00f3n del Plan Estrat\u00e9gico del Chaco. \u201cQuiero subrayar la participaci\u00f3n de un Estado abierto, que permiti\u00f3 con el apoyo del CFI, la universidad y CIPPEC, fundar el CEFCA y definir su trayecto hacia adelante en funci\u00f3n de las carreras y de las trayectorias del personal p\u00fablico\u201d, dijo Solana. Y destac\u00f3 que de esa forma se construye un Estado \u00e1gil, moderno, eficiente e innovador, a trav\u00e9s de la mejora de las competencias de su personal.<\/p>\n\n\n\n<p>Por su parte, el subsecretario de Modernizaci\u00f3n del Estado, Federico Vald\u00e9s, dijo que el objetivo de estas acciones es consolidar un Estado \u00e1gil y moderno para lograr mayor eficiencia en la gesti\u00f3n p\u00fablica, con la mirada puesta siempre en el ciudadano. \u201cPara ello es imprescindible tener equipos y agentes de la Administraci\u00f3n P\u00fablica con capacitaci\u00f3n constante\u201d, acot\u00f3.<\/p>\n\n\n\n<p>Convenio de cooperaci\u00f3n entre la UNNE y el Estado<\/p>\n\n\n\n<p>Durante el acto, Livio Guti\u00e9rrez y el rector de la UNNE, Omar Larroza, firmaron un convenio marco para el desarrollo de acciones de cooperaci\u00f3n institucional. Este convenio entre el Gobierno del Chaco y la Universidad Nacional del Nordeste permitir\u00e1 llevar adelante proyectos de capacitaci\u00f3n y formaci\u00f3n, adem\u00e1s de transferencia de tecnol\u00f3gica, a partir del trabajo articulado con el Observatorio de Pol\u00edticas P\u00fablicas del Nordeste. El rector de la UNNE explic\u00f3 que entre sus objetivos institucionales, la universidad se propone ser un actor facilitador de las pol\u00edticas p\u00fablicas, fomentando el desarrollo social y productivo. \u201cPara ello, hemos creado las estructuras necesarias y conformado equipos que, tras identificar las necesidades de los gobiernos locales, dise\u00f1an soluciones de manera conjunta. Este modelo ha demostrado ser exitoso, no solo en los programas de capacitaci\u00f3n, sino tambi\u00e9n en diversas \u00e1reas relacionadas con los procesos de modernizaci\u00f3n del Estado\u201d, dijo Larroza.<\/p>\n","protected":false},"excerpt":{"rendered":"<p>\u201dLa gente quiere un Estado \u00e1gil y moderno y en esa direcci\u00f3n estamos yendo\u201d, dijo Livio Guti\u00e9rrez. Se firm\u00f3 adem\u00e1s un convenio de cooperaci\u00f3n con la UNNE para la capacitaci\u00f3n y transferencia de tecnolog\u00edas. El Gobierno provincial y el Centro de Implementaci\u00f3n de Pol\u00edticas P\u00fablicas para la Equidad y el Crecimiento (CIPPEC) presentaron hoy el [&hellip;]<\/p>\n","protected":false},"author":11,"featured_media":4260,"comment_status":"open","ping_status":"open","sticky":false,"template":"","format":"standard","meta":{"footnotes":""},"categories":[28],"tags":[],"class_list":{"0":"post-4259","1":"post","2":"type-post","3":"status-publish","4":"format-standard","5":"has-post-thumbnail","7":"category-locales"},"aioseo_notices":[],"_links":{"self":[{"href":"https:\/\/lalupa24.com.ar\/index.php\/wp-json\/wp\/v2\/posts\/4259","targetHints":{"allow":["GET"]}}],"collection":[{"href":"https:\/\/lalupa24.com.ar\/index.php\/wp-json\/wp\/v2\/posts"}],"about":[{"href":"https:\/\/lalupa24.com.ar\/index.php\/wp-json\/wp\/v2\/types\/post"}],"author":[{"embeddable":true,"href":"https:\/\/lalupa24.com.ar\/index.php\/wp-json\/wp\/v2\/users\/11"}],"replies":[{"embeddable":true,"href":"https:\/\/lalupa24.com.ar\/index.php\/wp-json\/wp\/v2\/comments?post=4259"}],"version-history":[{"count":1,"href":"https:\/\/lalupa24.com.ar\/index.php\/wp-json\/wp\/v2\/posts\/4259\/revisions"}],"predecessor-version":[{"id":4261,"href":"https:\/\/lalupa24.com.ar\/index.php\/wp-json\/wp\/v2\/posts\/4259\/revisions\/4261"}],"wp:featuredmedia":[{"embeddable":true,"href":"https:\/\/lalupa24.com.ar\/index.php\/wp-json\/wp\/v2\/media\/4260"}],"wp:attachment":[{"href":"https:\/\/lalupa24.com.ar\/index.php\/wp-json\/wp\/v2\/media?parent=4259"}],"wp:term":[{"taxonomy":"category","embeddable":true,"href":"https:\/\/lalupa24.com.ar\/index.php\/wp-json\/wp\/v2\/categories?post=4259"},{"taxonomy":"post_tag","embeddable":true,"href":"https:\/\/lalupa24.com.ar\/index.php\/wp-json\/wp\/v2\/tags?post=4259"}],"curies":[{"name":"wp","href":"https:\/\/api.w.org\/{rel}","templated":true}]}}