{"id":4262,"date":"2025-02-24T20:19:02","date_gmt":"2025-02-24T23:19:02","guid":{"rendered":"https:\/\/lalupa24.com.ar\/?p=4262"},"modified":"2025-02-24T20:19:02","modified_gmt":"2025-02-24T23:19:02","slug":"uncaus-lanza-las-viii-jornadas-chaquenas-de-derecho-de-las-familias-nineces-y-generos","status":"publish","type":"post","link":"https:\/\/lalupa24.com.ar\/index.php\/2025\/02\/24\/uncaus-lanza-las-viii-jornadas-chaquenas-de-derecho-de-las-familias-nineces-y-generos\/","title":{"rendered":"UNCAUS lanza las VIII Jornadas Chaque\u00f1as de Derecho de las Familias, Ni\u00f1eces y G\u00e9neros"},"content":{"rendered":"\n<p>En los d\u00edas 14 y 15 de marzo de 2025 se realizar\u00e1n las VIII Jornadas Chaque\u00f1as de Derecho de las Familias, Ni\u00f1eces y G\u00e9nero en la ciudad de Resistencia, Chaco. Esta convocatoria federal, que inici\u00f3 sus actividades en el a\u00f1o 2016 y que tiene desde entonces un protagonismo en la agenda de capacitaciones nacionales, logra que en la ciudad de Presidencia Roque S\u00e1enz Pe\u00f1a converjan prestigiosos docentes del pa\u00eds.<\/p>\n\n\n\n<p>Se trata de un evento gestado por el compromiso y la visi\u00f3n compartida del Instituto de Derecho de Familias y Sucesiones, del Consejo de Abogados y Procuradores de la I Circunscripci\u00f3n Judicial del Chaco, junto con la Universidad Nacional del Chaco Austral, Fundaci\u00f3n Formarte y Librer\u00eda Editorial ConTexto. Surge como una respuesta necesaria a los desaf\u00edos actuales que enfrenta el campo del derecho de las familias. En esta oportunidad, el temario profundiza sobre el impacto a 10 a\u00f1os de la Vigencia del C\u00f3digo Civil y Comercial, en diferentes \u00e1reas.<\/p>\n\n\n\n<p>La propuesta est\u00e1 destinada a estudiantes y docentes de la especialidad en Familias, Ni\u00f1ez y G\u00e9neros de la UNCAUS.<\/p>\n\n\n\n<p>Las jornadas se realizar\u00e1n con modalidad h\u00edbrida, de manera presencial en la Casa de las Culturas, ubicada en calle Marcelo T. de Alvear N\u00ba 90, de la ciudad de Resistencia y contar\u00e1 con la participaci\u00f3n en auditorio de expositores de prestigioso reconocimiento nacional e internacional, como Aida Kemelmajer de Carlucci, Marisa Herrera, Mariana Iglesias, Ana Peracca,, Mariel Molina de Juan, Belen Mignon, Silvia E. Fernandez, Natalia De la Torre, Federico Notrica, Sonia Almada y una mesa de referentes de la abogac\u00eda con Tula Cuello, Natalia Torres Santome y Alberto L\u00f3pez Dom\u00ednguez. Se transmitir\u00e1 en vivo desde el aula virtual creada para este evento.<\/p>\n\n\n\n<p>Estas Jornadas permiten la generaci\u00f3n de lazos colaborativos entre los actores del \u00e1mbito jur\u00eddico y \u00e1reas afines. Ha sido declarada, adem\u00e1s, de inter\u00e9s por los tres m\u00e1ximos tribunales de las provincias de Chaco, Corrientes y Formosa, adem\u00e1s de otra gran cantidad de instituciones que nuclean a abogados y a otras profesiones de diversas provincias.<\/p>\n\n\n\n<p>Est\u00e1n abiertas las inscripciones hasta cubrir la capacidad del sal\u00f3n. M\u00e1s informaci\u00f3n se encuentra disponible en: https:\/\/fundacionformartecursos.com.ar\/home<\/p>\n","protected":false},"excerpt":{"rendered":"<p>En los d\u00edas 14 y 15 de marzo de 2025 se realizar\u00e1n las VIII Jornadas Chaque\u00f1as de Derecho de las Familias, Ni\u00f1eces y G\u00e9nero en la ciudad de Resistencia, Chaco. Esta convocatoria federal, que inici\u00f3 sus actividades en el a\u00f1o 2016 y que tiene desde entonces un protagonismo en la agenda de capacitaciones nacionales, logra [&hellip;]<\/p>\n","protected":false},"author":11,"featured_media":4263,"comment_status":"open","ping_status":"open","sticky":false,"template":"","format":"standard","meta":{"footnotes":""},"categories":[28],"tags":[],"class_list":{"0":"post-4262","1":"post","2":"type-post","3":"status-publish","4":"format-standard","5":"has-post-thumbnail","7":"category-locales"},"aioseo_notices":[],"_links":{"self":[{"href":"https:\/\/lalupa24.com.ar\/index.php\/wp-json\/wp\/v2\/posts\/4262","targetHints":{"allow":["GET"]}}],"collection":[{"href":"https:\/\/lalupa24.com.ar\/index.php\/wp-json\/wp\/v2\/posts"}],"about":[{"href":"https:\/\/lalupa24.com.ar\/index.php\/wp-json\/wp\/v2\/types\/post"}],"author":[{"embeddable":true,"href":"https:\/\/lalupa24.com.ar\/index.php\/wp-json\/wp\/v2\/users\/11"}],"replies":[{"embeddable":true,"href":"https:\/\/lalupa24.com.ar\/index.php\/wp-json\/wp\/v2\/comments?post=4262"}],"version-history":[{"count":1,"href":"https:\/\/lalupa24.com.ar\/index.php\/wp-json\/wp\/v2\/posts\/4262\/revisions"}],"predecessor-version":[{"id":4264,"href":"https:\/\/lalupa24.com.ar\/index.php\/wp-json\/wp\/v2\/posts\/4262\/revisions\/4264"}],"wp:featuredmedia":[{"embeddable":true,"href":"https:\/\/lalupa24.com.ar\/index.php\/wp-json\/wp\/v2\/media\/4263"}],"wp:attachment":[{"href":"https:\/\/lalupa24.com.ar\/index.php\/wp-json\/wp\/v2\/media?parent=4262"}],"wp:term":[{"taxonomy":"category","embeddable":true,"href":"https:\/\/lalupa24.com.ar\/index.php\/wp-json\/wp\/v2\/categories?post=4262"},{"taxonomy":"post_tag","embeddable":true,"href":"https:\/\/lalupa24.com.ar\/index.php\/wp-json\/wp\/v2\/tags?post=4262"}],"curies":[{"name":"wp","href":"https:\/\/api.w.org\/{rel}","templated":true}]}}