{"id":4265,"date":"2025-02-24T20:29:58","date_gmt":"2025-02-24T23:29:58","guid":{"rendered":"https:\/\/lalupa24.com.ar\/?p=4265"},"modified":"2025-02-24T20:40:08","modified_gmt":"2025-02-24T23:40:08","slug":"el-arzobispo-de-buenos-aires-encabezo-una-misa-en-constitucion-por-la-salud-del-papa","status":"publish","type":"post","link":"https:\/\/lalupa24.com.ar\/index.php\/2025\/02\/24\/el-arzobispo-de-buenos-aires-encabezo-una-misa-en-constitucion-por-la-salud-del-papa\/","title":{"rendered":"El arzobispo de Buenos Aires encabez\u00f3 una misa en Constituci\u00f3n por la salud del Papa"},"content":{"rendered":"\n<p>El arzobispo Jorge Garc\u00eda Cuerva lider\u00f3 una misa en Constituci\u00f3n, Buenos Aires, por la salud del papa Francisco, quien muestra mejor\u00eda tras su internaci\u00f3n.<\/p>\n\n\n\n<p>El arzobispo de Buenos Aires, Jorge Garc\u00eda Cuerva, encabez\u00f3 hoy una misa en el barrio porte\u00f1o de Constituci\u00f3n por la salud del papa Francisco, quien present\u00f3 una &#8220;ligera mejor\u00eda&#8221;, seg\u00fan inform\u00f3 la Oficina de Prensa de la Santa Sede.<\/p>\n\n\n\n<p>La ceremonia religiosa se iba a llevar a cabo dentro de la estaci\u00f3n ferroviaria por las condiciones del tiempo, pero luego el cielo se despej\u00f3 y se realiz\u00f3 en la plaza.<\/p>\n\n\n\n<p>Cientos de fieles asistieron a la misa para pedir por la salud del Sumo Pont\u00edfice, de 88 a\u00f1os, quien se encuentra internado en el Policl\u00ednico Gemelli de Roma desde el 14 de febrero por una neumon\u00eda bilateral.<\/p>\n\n\n\n<p>Garc\u00eda Cuerva se\u00f1al\u00f3 que &#8220;en un mundo asfixiado por las guerras, Francisco fue una bocanada de ox\u00edgeno&#8221; y resalt\u00f3 que &#8220;siempre fue un hombre que nos convoc\u00f3 a la fraternidad universal&#8221;.<\/p>\n\n\n\n<p>&#8220;Siempre quise que la iglesia fuese la casa grande o un lugar para todos. Pienso cuando decimos para todos, que es para todos. Para los que creen y piensan como nosotros y tambi\u00e9n para los que creen y piensan en otra cosa&#8221;, agreg\u00f3.<\/p>\n\n\n\n<p>El arzobispo estuvo acompa\u00f1ado por el cardenal Mario Poli y dem\u00e1s autoridades religiosas durante la misa.<\/p>\n\n\n\n<p>Uno de los funcionarios que presenci\u00f3 la misa fue el ministro de Seguridad de la Ciudad de Buenos Aires, Waldo Wolff, mientras que la hermana Martha Pelloni tambi\u00e9n asisti\u00f3 a la ceremonia.<\/p>\n\n\n\n<p>La monja afirm\u00f3 en declaraciones a los medios que la misa &#8220;es un signo de unidad&#8221; y enumer\u00f3 los problemas argentinos: &#8220;Nos preocupa la situaci\u00f3n de los jubilados, la falta de medicamentos, la pobreza y la violencia&#8221;.<\/p>\n\n\n\n<p>&#8220;Hay que pensar en el otro, ser m\u00e1s emp\u00e1ticos y dejar de lado el individualismo que nos destruye. Es el problema de las guerras, de la exclusi\u00f3n y los ricos contra los pobres&#8221;, a\u00f1adi\u00f3.<\/p>\n\n\n\n<p>Por su parte, la religiosa manifest\u00f3 su consternaci\u00f3n por la desaparici\u00f3n de Lian Flores, el menor de tres a\u00f1os que se extravi\u00f3 en C\u00f3rdoba: &#8220;Es otro Loan lamentablemente&#8221;.<\/p>\n\n\n\n<p>En tanto, en la Bas\u00edlica de San Pedro miles de fieles se reunieron para rezar por Jorge Bergoglio. &#8220;A partir de esta tarde, los cardenales residentes en Roma, con todos los colaboradores de la Curia Romana y de la di\u00f3cesis de Roma, recogiendo el sentir del Pueblo de Dios, se reunir\u00e1n en la plaza de San Pedro, a las 21 horas (17 de la Argentina), para el rezo del santo rosario por la salud del santo padre&#8221;, sostuvo el comunicado de la Oficina de Prensa de la Santa Sede.<\/p>\n","protected":false},"excerpt":{"rendered":"<p>El arzobispo Jorge Garc\u00eda Cuerva lider\u00f3 una misa en Constituci\u00f3n, Buenos Aires, por la salud del papa Francisco, quien muestra mejor\u00eda tras su internaci\u00f3n. El arzobispo de Buenos Aires, Jorge Garc\u00eda Cuerva, encabez\u00f3 hoy una misa en el barrio porte\u00f1o de Constituci\u00f3n por la salud del papa Francisco, quien present\u00f3 una &#8220;ligera mejor\u00eda&#8221;, seg\u00fan inform\u00f3 [&hellip;]<\/p>\n","protected":false},"author":11,"featured_media":4266,"comment_status":"open","ping_status":"open","sticky":false,"template":"","format":"standard","meta":{"footnotes":""},"categories":[26],"tags":[],"class_list":{"0":"post-4265","1":"post","2":"type-post","3":"status-publish","4":"format-standard","5":"has-post-thumbnail","7":"category-nacionales"},"aioseo_notices":[],"_links":{"self":[{"href":"https:\/\/lalupa24.com.ar\/index.php\/wp-json\/wp\/v2\/posts\/4265","targetHints":{"allow":["GET"]}}],"collection":[{"href":"https:\/\/lalupa24.com.ar\/index.php\/wp-json\/wp\/v2\/posts"}],"about":[{"href":"https:\/\/lalupa24.com.ar\/index.php\/wp-json\/wp\/v2\/types\/post"}],"author":[{"embeddable":true,"href":"https:\/\/lalupa24.com.ar\/index.php\/wp-json\/wp\/v2\/users\/11"}],"replies":[{"embeddable":true,"href":"https:\/\/lalupa24.com.ar\/index.php\/wp-json\/wp\/v2\/comments?post=4265"}],"version-history":[{"count":1,"href":"https:\/\/lalupa24.com.ar\/index.php\/wp-json\/wp\/v2\/posts\/4265\/revisions"}],"predecessor-version":[{"id":4267,"href":"https:\/\/lalupa24.com.ar\/index.php\/wp-json\/wp\/v2\/posts\/4265\/revisions\/4267"}],"wp:featuredmedia":[{"embeddable":true,"href":"https:\/\/lalupa24.com.ar\/index.php\/wp-json\/wp\/v2\/media\/4266"}],"wp:attachment":[{"href":"https:\/\/lalupa24.com.ar\/index.php\/wp-json\/wp\/v2\/media?parent=4265"}],"wp:term":[{"taxonomy":"category","embeddable":true,"href":"https:\/\/lalupa24.com.ar\/index.php\/wp-json\/wp\/v2\/categories?post=4265"},{"taxonomy":"post_tag","embeddable":true,"href":"https:\/\/lalupa24.com.ar\/index.php\/wp-json\/wp\/v2\/tags?post=4265"}],"curies":[{"name":"wp","href":"https:\/\/api.w.org\/{rel}","templated":true}]}}