{"id":4286,"date":"2025-02-25T12:06:03","date_gmt":"2025-02-25T15:06:03","guid":{"rendered":"https:\/\/lalupa24.com.ar\/?p=4286"},"modified":"2025-02-25T12:06:05","modified_gmt":"2025-02-25T15:06:05","slug":"el-papa-francisco-trabaja-desde-el-hospital","status":"publish","type":"post","link":"https:\/\/lalupa24.com.ar\/index.php\/2025\/02\/25\/el-papa-francisco-trabaja-desde-el-hospital\/","title":{"rendered":"El Papa Francisco trabaja desde el hospital"},"content":{"rendered":"\n<p>A pesar de estar hospitalizado en estado cr\u00edtico por neumon\u00eda bilateral, el Papa Francisco contin\u00faa con su actividad desde el hospital. Este lunes se reuni\u00f3 con el cardenal Pietro Parolin, secretario de Estado del Vaticano, para aprobar nuevos decretos de santidad y convocar un consistorio para fijar fechas de canonizaci\u00f3n.<\/p>\n\n\n\n<p><em>\u201cEl Papa sigue tomando decisiones importantes para la Iglesia, lo que demuestra que la maquinaria vaticana sigue funcionando\u201d<\/em>, se\u00f1al\u00f3 la Santa Sede.<\/p>\n\n\n\n<h4 class=\"wp-block-heading\">Las decisiones del Papa en el hospital<\/h4>\n\n\n\n<p>Durante la reuni\u00f3n con Parolin y el arzobispo Edgar Pe\u00f1a Parra, jefe de gabinete del Vaticano, el pont\u00edfice:<\/p>\n\n\n\n<ul class=\"wp-block-list\">\n<li>Aprob\u00f3 decretos para la beatificaci\u00f3n de cinco personas.<\/li>\n\n\n\n<li>Fij\u00f3 un consistorio para formalizar dos nuevas canonizaciones.<\/li>\n\n\n\n<li>Nombr\u00f3 nuevos obispos en Brasil y Canad\u00e1.<\/li>\n\n\n\n<li>Modific\u00f3 leyes internas del Vaticano, otorgando m\u00e1s autoridad a Sor Raffaella Petrini.<\/li>\n<\/ul>\n\n\n\n<p>Este fue el primer encuentro oficial entre Francisco y Parolin desde la hospitalizaci\u00f3n del Papa, quien sigue alojado en el Hospital Gemelli de Roma desde el 14 de febrero.<\/p>\n\n\n\n<h4 class=\"wp-block-heading\">Evoluci\u00f3n m\u00e9dica: leve mejor\u00eda, pero estado reservado<\/h4>\n\n\n\n<p>El Vaticano inform\u00f3 este martes que el Papa descans\u00f3 bien durante la noche. En el parte m\u00e9dico del lunes, los doctores se\u00f1alaron que:<\/p>\n\n\n\n<ul class=\"wp-block-list\">\n<li>Su estado sigue siendo cr\u00edtico, aunque con una leve mejor\u00eda en los an\u00e1lisis de laboratorio.<\/li>\n\n\n\n<li>No ha sufrido nuevas crisis respiratorias desde el s\u00e1bado.<\/li>\n\n\n\n<li>La insuficiencia renal detectada el domingo no representa un riesgo inmediato.<\/li>\n\n\n\n<li>El tratamiento con antibi\u00f3ticos est\u00e1 funcionando.<\/li>\n\n\n\n<li>El ox\u00edgeno suplementario se ha reducido ligeramente.<\/li>\n<\/ul>\n\n\n\n<p>A pesar de esto, el Vaticano mantiene la prudencia y los m\u00e9dicos han evitado dar un pron\u00f3stico definitivo.<\/p>\n\n\n\n<h4 class=\"wp-block-heading\">Oraciones y vigilia en la Plaza San Pedro<\/h4>\n\n\n\n<p>Miles de fieles se congregaron la noche del lunes en la Plaza de San Pedro, a pesar de la lluvia, para rezar por la recuperaci\u00f3n del Papa.<\/p>\n\n\n\n<p><em>\u201cVinimos a rezar por el Papa, para que se recupere pronto\u201d<\/em>, expres\u00f3 Hatzumi Villanueva, una peregrina peruana.<\/p>\n\n\n\n<p>El cardenal Parolin dirigi\u00f3 la primera vigilia y este martes estar\u00e1 a cargo del cardenal Antonio Tagle, l\u00edder de la Iglesia en el mundo en desarrollo.<\/p>\n\n\n\n<h4 class=\"wp-block-heading\">Aliados optimistas, cr\u00edticos generan rumores<\/h4>\n\n\n\n<p>Mientras el entorno de Francisco se muestra esperanzado, algunos sectores conservadores han difundido rumores alarmantes sobre su estado de salud. Sin embargo, l\u00edderes cercanos al Papa conf\u00edan en su recuperaci\u00f3n.<\/p>\n\n\n\n<p><em>\u201cHumanamente, no creo que sea su momento de irse\u201d<\/em>, afirm\u00f3 el cardenal hondure\u00f1o \u00d3scar Rodr\u00edguez Maradiaga.<\/p>\n\n\n\n<p>Desde el hospital, Francisco sigue activo y el Vaticano confirm\u00f3 que tambi\u00e9n llam\u00f3 a una parroquia en la Ciudad de Gaza con la que ha mantenido contacto desde el inicio de la guerra en la regi\u00f3n.<\/p>\n","protected":false},"excerpt":{"rendered":"<p>A pesar de estar hospitalizado en estado cr\u00edtico por neumon\u00eda bilateral, el Papa Francisco contin\u00faa con su actividad desde el hospital. Este lunes se reuni\u00f3 con el cardenal Pietro Parolin, secretario de Estado del Vaticano, para aprobar nuevos decretos de santidad y convocar un consistorio para fijar fechas de canonizaci\u00f3n. \u201cEl Papa sigue tomando decisiones [&hellip;]<\/p>\n","protected":false},"author":2,"featured_media":4287,"comment_status":"open","ping_status":"open","sticky":false,"template":"","format":"standard","meta":{"footnotes":""},"categories":[25],"tags":[],"class_list":{"0":"post-4286","1":"post","2":"type-post","3":"status-publish","4":"format-standard","5":"has-post-thumbnail","7":"category-internacionales"},"aioseo_notices":[],"_links":{"self":[{"href":"https:\/\/lalupa24.com.ar\/index.php\/wp-json\/wp\/v2\/posts\/4286","targetHints":{"allow":["GET"]}}],"collection":[{"href":"https:\/\/lalupa24.com.ar\/index.php\/wp-json\/wp\/v2\/posts"}],"about":[{"href":"https:\/\/lalupa24.com.ar\/index.php\/wp-json\/wp\/v2\/types\/post"}],"author":[{"embeddable":true,"href":"https:\/\/lalupa24.com.ar\/index.php\/wp-json\/wp\/v2\/users\/2"}],"replies":[{"embeddable":true,"href":"https:\/\/lalupa24.com.ar\/index.php\/wp-json\/wp\/v2\/comments?post=4286"}],"version-history":[{"count":1,"href":"https:\/\/lalupa24.com.ar\/index.php\/wp-json\/wp\/v2\/posts\/4286\/revisions"}],"predecessor-version":[{"id":4288,"href":"https:\/\/lalupa24.com.ar\/index.php\/wp-json\/wp\/v2\/posts\/4286\/revisions\/4288"}],"wp:featuredmedia":[{"embeddable":true,"href":"https:\/\/lalupa24.com.ar\/index.php\/wp-json\/wp\/v2\/media\/4287"}],"wp:attachment":[{"href":"https:\/\/lalupa24.com.ar\/index.php\/wp-json\/wp\/v2\/media?parent=4286"}],"wp:term":[{"taxonomy":"category","embeddable":true,"href":"https:\/\/lalupa24.com.ar\/index.php\/wp-json\/wp\/v2\/categories?post=4286"},{"taxonomy":"post_tag","embeddable":true,"href":"https:\/\/lalupa24.com.ar\/index.php\/wp-json\/wp\/v2\/tags?post=4286"}],"curies":[{"name":"wp","href":"https:\/\/api.w.org\/{rel}","templated":true}]}}