{"id":4307,"date":"2025-02-25T18:24:17","date_gmt":"2025-02-25T21:24:17","guid":{"rendered":"https:\/\/lalupa24.com.ar\/?p=4307"},"modified":"2025-02-25T18:24:18","modified_gmt":"2025-02-25T21:24:18","slug":"caso-loan-adn-a-la-hija-de-perez-por-su-parecido-con-sofia-herrera","status":"publish","type":"post","link":"https:\/\/lalupa24.com.ar\/index.php\/2025\/02\/25\/caso-loan-adn-a-la-hija-de-perez-por-su-parecido-con-sofia-herrera\/","title":{"rendered":"Caso Loan \u00a0ADN a la hija de P\u00e9rez por su parecido con Sof\u00eda Herrera"},"content":{"rendered":"\n<p>Se llev\u00f3 a cabo en Resistencia &nbsp;un an\u00e1lisis para comprobar si la hija del ex marino ser\u00eda la ni\u00f1a desaparecida en Tierra del Fuego en 2008.<\/p>\n\n\n\n<p>Un nuevo cap\u00edtulo hay en el caso por la desaparici\u00f3n de Loan Danilo Pe\u00f1a en Corrientes luego de que se le haya realizado un an\u00e1lisis de ADN a la hija del detenido Carlos P\u00e9rez, luego de que una mujer lo haya ubicado en Tierra del Fuego al momento en el que se vio por \u00faltima vez a Sof\u00eda Herrera.<\/p>\n\n\n\n<p>En medio de la b\u00fasqueda de Loan, la aparici\u00f3n de la hija de P\u00e9rez en los medios de comunicaci\u00f3n llam\u00f3 la atenci\u00f3n por su parecido a Sof\u00eda, la ni\u00f1a desaparecida en 2008 en Tierra del Fuego.<\/p>\n\n\n\n<p>Aun as\u00ed, el esc\u00e1ndalo concluy\u00f3 luego de que la propia madre de Herrera haya dicho que no se trataba de su hija, pero la comparaci\u00f3n volvi\u00f3 a resonar en las \u00faltimas horas.<\/p>\n\n\n\n<p>El mismo se llev\u00f3 a cabo este lunes en Chaco, provincia donde la hija del ex marino vive, y ahora se estableci\u00f3 custodia del cotejo, el cual fue derivado a Buenos Aires para su an\u00e1lisis.&nbsp;<\/p>\n\n\n\n<p>Acerca del resultado, indicaron que podr\u00eda reci\u00e9n darse a conocer dentro de un mes y de acuerdo a lo hallado, podr\u00eda tratarse de una revelaci\u00f3n m\u00e1s que importante para la causa Loan y Sof\u00eda.<\/p>\n\n\n\n<p>El Alerta Sof\u00eda volvi\u00f3 a resurgir estos \u00faltimos d\u00edas con la desaparici\u00f3n de Lian Flores en la provincia de C\u00f3rdoba.<\/p>\n\n\n\n<p>El programa se dio inicio en 2019 bajo el nombre de la ni\u00f1a que fue vista por \u00faltima vez cuando viaj\u00f3 con sus padres a Tierra del Fuego<\/p>\n\n\n\n<p><\/p>\n","protected":false},"excerpt":{"rendered":"<p>Se llev\u00f3 a cabo en Resistencia &nbsp;un an\u00e1lisis para comprobar si la hija del ex marino ser\u00eda la ni\u00f1a desaparecida en Tierra del Fuego en 2008. Un nuevo cap\u00edtulo hay en el caso por la desaparici\u00f3n de Loan Danilo Pe\u00f1a en Corrientes luego de que se le haya realizado un an\u00e1lisis de ADN a la [&hellip;]<\/p>\n","protected":false},"author":11,"featured_media":4308,"comment_status":"open","ping_status":"open","sticky":false,"template":"","format":"standard","meta":{"footnotes":""},"categories":[28,26],"tags":[],"class_list":{"0":"post-4307","1":"post","2":"type-post","3":"status-publish","4":"format-standard","5":"has-post-thumbnail","7":"category-locales","8":"category-nacionales"},"aioseo_notices":[],"_links":{"self":[{"href":"https:\/\/lalupa24.com.ar\/index.php\/wp-json\/wp\/v2\/posts\/4307","targetHints":{"allow":["GET"]}}],"collection":[{"href":"https:\/\/lalupa24.com.ar\/index.php\/wp-json\/wp\/v2\/posts"}],"about":[{"href":"https:\/\/lalupa24.com.ar\/index.php\/wp-json\/wp\/v2\/types\/post"}],"author":[{"embeddable":true,"href":"https:\/\/lalupa24.com.ar\/index.php\/wp-json\/wp\/v2\/users\/11"}],"replies":[{"embeddable":true,"href":"https:\/\/lalupa24.com.ar\/index.php\/wp-json\/wp\/v2\/comments?post=4307"}],"version-history":[{"count":1,"href":"https:\/\/lalupa24.com.ar\/index.php\/wp-json\/wp\/v2\/posts\/4307\/revisions"}],"predecessor-version":[{"id":4309,"href":"https:\/\/lalupa24.com.ar\/index.php\/wp-json\/wp\/v2\/posts\/4307\/revisions\/4309"}],"wp:featuredmedia":[{"embeddable":true,"href":"https:\/\/lalupa24.com.ar\/index.php\/wp-json\/wp\/v2\/media\/4308"}],"wp:attachment":[{"href":"https:\/\/lalupa24.com.ar\/index.php\/wp-json\/wp\/v2\/media?parent=4307"}],"wp:term":[{"taxonomy":"category","embeddable":true,"href":"https:\/\/lalupa24.com.ar\/index.php\/wp-json\/wp\/v2\/categories?post=4307"},{"taxonomy":"post_tag","embeddable":true,"href":"https:\/\/lalupa24.com.ar\/index.php\/wp-json\/wp\/v2\/tags?post=4307"}],"curies":[{"name":"wp","href":"https:\/\/api.w.org\/{rel}","templated":true}]}}