{"id":431,"date":"2024-03-07T15:20:36","date_gmt":"2024-03-07T18:20:36","guid":{"rendered":"https:\/\/lalupa24.com.ar\/?p=431"},"modified":"2024-03-07T15:59:53","modified_gmt":"2024-03-07T18:59:53","slug":"fallecio-el-ex-diputado-nacional-gustavo-martinez-campos","status":"publish","type":"post","link":"https:\/\/lalupa24.com.ar\/index.php\/2024\/03\/07\/fallecio-el-ex-diputado-nacional-gustavo-martinez-campos\/","title":{"rendered":"Falleci\u00f3 el ex diputado nacional, Gustavo Mart\u00ednez Campos"},"content":{"rendered":"\n<p>El dirigente fue recordado por su hijo, el ex intendente de Resistencia Gustavo Mart\u00ednez como un hombre &#8220;una persona de bien, de enorme compromiso y trabajo social&#8221;.<\/p>\n\n\n\n<p>Esta ma\u00f1ana, falleci\u00f3 en Resistencia el ex diputado nacional por el Chaco del Frente para la Victoria e hist\u00f3rico del Partido Justicialista chaque\u00f1o, Gustavo Mart\u00ednez Campos.<\/p>\n\n\n\n<p>Su hijo, Gustavo Mart\u00ednez, le dedic\u00f3 una sentida despedida a trav\u00e9s de sus redes sociales:&nbsp; &#8220;Con mucho dolor me toca despedirte,&nbsp; siempre te recordaremos como un gran luchador, una persona de bien, de enorme compromiso y trabajo social&#8221;, poste\u00f3.<\/p>\n\n\n\n<p>En esa l\u00ednea, el ex intendente de Resistencia &nbsp;record\u00f3 a su padre como un hombre &#8220;siempre dispuesto a colaborar, apasionado por la educaci\u00f3n y un verdadero ejemplo de servicio&#8221;. &#8220;Dejaste en quienes te amamos, el coraz\u00f3n desconsolado por tu partida, pero tambi\u00e9n una gran huella: estar\u00e9 siempre agradecido por tus ense\u00f1anzas y por el amor infinito que nos brindaste&#8221;, cerr\u00f3 Gustavo Mart\u00ednez.&nbsp;&nbsp;&nbsp;&nbsp;<\/p>\n","protected":false},"excerpt":{"rendered":"<p>El dirigente fue recordado por su hijo, el ex intendente de Resistencia Gustavo Mart\u00ednez como un hombre &#8220;una persona de bien, de enorme compromiso y trabajo social&#8221;. Esta ma\u00f1ana, falleci\u00f3 en Resistencia el ex diputado nacional por el Chaco del Frente para la Victoria e hist\u00f3rico del Partido Justicialista chaque\u00f1o, Gustavo Mart\u00ednez Campos. Su hijo, [&hellip;]<\/p>\n","protected":false},"author":2,"featured_media":432,"comment_status":"open","ping_status":"open","sticky":false,"template":"","format":"standard","meta":{"footnotes":""},"categories":[28],"tags":[30,50,51],"class_list":{"0":"post-431","1":"post","2":"type-post","3":"status-publish","4":"format-standard","5":"has-post-thumbnail","7":"category-locales","8":"tag-chaco","9":"tag-gustavo-martinez","10":"tag-partido-justicialista-chaco"},"aioseo_notices":[],"_links":{"self":[{"href":"https:\/\/lalupa24.com.ar\/index.php\/wp-json\/wp\/v2\/posts\/431","targetHints":{"allow":["GET"]}}],"collection":[{"href":"https:\/\/lalupa24.com.ar\/index.php\/wp-json\/wp\/v2\/posts"}],"about":[{"href":"https:\/\/lalupa24.com.ar\/index.php\/wp-json\/wp\/v2\/types\/post"}],"author":[{"embeddable":true,"href":"https:\/\/lalupa24.com.ar\/index.php\/wp-json\/wp\/v2\/users\/2"}],"replies":[{"embeddable":true,"href":"https:\/\/lalupa24.com.ar\/index.php\/wp-json\/wp\/v2\/comments?post=431"}],"version-history":[{"count":1,"href":"https:\/\/lalupa24.com.ar\/index.php\/wp-json\/wp\/v2\/posts\/431\/revisions"}],"predecessor-version":[{"id":433,"href":"https:\/\/lalupa24.com.ar\/index.php\/wp-json\/wp\/v2\/posts\/431\/revisions\/433"}],"wp:featuredmedia":[{"embeddable":true,"href":"https:\/\/lalupa24.com.ar\/index.php\/wp-json\/wp\/v2\/media\/432"}],"wp:attachment":[{"href":"https:\/\/lalupa24.com.ar\/index.php\/wp-json\/wp\/v2\/media?parent=431"}],"wp:term":[{"taxonomy":"category","embeddable":true,"href":"https:\/\/lalupa24.com.ar\/index.php\/wp-json\/wp\/v2\/categories?post=431"},{"taxonomy":"post_tag","embeddable":true,"href":"https:\/\/lalupa24.com.ar\/index.php\/wp-json\/wp\/v2\/tags?post=431"}],"curies":[{"name":"wp","href":"https:\/\/api.w.org\/{rel}","templated":true}]}}