{"id":4311,"date":"2025-02-25T19:17:37","date_gmt":"2025-02-25T22:17:37","guid":{"rendered":"https:\/\/lalupa24.com.ar\/?p=4311"},"modified":"2025-02-25T19:17:38","modified_gmt":"2025-02-25T22:17:38","slug":"el-gobierno-provincial-continua-coordinando-acciones-ante-el-impacto-de-la-sequia","status":"publish","type":"post","link":"https:\/\/lalupa24.com.ar\/index.php\/2025\/02\/25\/el-gobierno-provincial-continua-coordinando-acciones-ante-el-impacto-de-la-sequia\/","title":{"rendered":"El gobierno provincial contin\u00faa coordinando acciones ante el impacto de la sequ\u00eda"},"content":{"rendered":"\n<p><\/p>\n\n\n\n<p>En el Ministerio de la Producci\u00f3n y el Desarrollo Econ\u00f3mico Sostenible, convocados por el Secretario de Coordinaci\u00f3n de Gabinete, Livio Guti\u00e9rrez, se reuni\u00f3 el Equipo de Producci\u00f3n con el presidente de APA, Jorge Pilar, y el subsecretario de Municipio, Marcelo Barrios, para analizar el impacto de la sequ\u00eda y las acciones que se llevan adelante para afrontar dicha situaci\u00f3n.<\/p>\n\n\n\n<p>Mas all\u00e1 de estas medidas que el Gobierno del Chaco lleva adelante y con la situaci\u00f3n que afecta a gran parte de la regi\u00f3n, el Ministerio de la Producci\u00f3n contin\u00faa coordinando acciones tendientes a paliar los efectos de la sequ\u00eda que compromete a la producci\u00f3n chaque\u00f1a.<br>\u201cLa necesidad de evaluar p\u00e9rdidas, cuando a\u00fan estamos transitando la sequ\u00eda, nos lleva a articular recursos con las distintas \u00e1reas para atender las urgencias&#8221;, dijo el subsecretario de Coordinaci\u00f3n, Orlando Mor\u00e1n.<\/p>\n\n\n\n<p>El subsecretario de Agricultura, Julio Fantin, adelant\u00f3 que &#8220;este mi\u00e9rcoles nos vamos a reunir en S\u00e1enz Pe\u00f1a con los delegados del Ministerio de toda la provincia, para inciar esta convocatoria y poder continuar con los trabajos en cada localidad con los intendentes&#8221;.<\/p>\n","protected":false},"excerpt":{"rendered":"<p>En el Ministerio de la Producci\u00f3n y el Desarrollo Econ\u00f3mico Sostenible, convocados por el Secretario de Coordinaci\u00f3n de Gabinete, Livio Guti\u00e9rrez, se reuni\u00f3 el Equipo de Producci\u00f3n con el presidente de APA, Jorge Pilar, y el subsecretario de Municipio, Marcelo Barrios, para analizar el impacto de la sequ\u00eda y las acciones que se llevan adelante [&hellip;]<\/p>\n","protected":false},"author":2,"featured_media":4312,"comment_status":"open","ping_status":"open","sticky":false,"template":"","format":"standard","meta":{"footnotes":""},"categories":[28],"tags":[],"class_list":{"0":"post-4311","1":"post","2":"type-post","3":"status-publish","4":"format-standard","5":"has-post-thumbnail","7":"category-locales"},"aioseo_notices":[],"_links":{"self":[{"href":"https:\/\/lalupa24.com.ar\/index.php\/wp-json\/wp\/v2\/posts\/4311","targetHints":{"allow":["GET"]}}],"collection":[{"href":"https:\/\/lalupa24.com.ar\/index.php\/wp-json\/wp\/v2\/posts"}],"about":[{"href":"https:\/\/lalupa24.com.ar\/index.php\/wp-json\/wp\/v2\/types\/post"}],"author":[{"embeddable":true,"href":"https:\/\/lalupa24.com.ar\/index.php\/wp-json\/wp\/v2\/users\/2"}],"replies":[{"embeddable":true,"href":"https:\/\/lalupa24.com.ar\/index.php\/wp-json\/wp\/v2\/comments?post=4311"}],"version-history":[{"count":1,"href":"https:\/\/lalupa24.com.ar\/index.php\/wp-json\/wp\/v2\/posts\/4311\/revisions"}],"predecessor-version":[{"id":4313,"href":"https:\/\/lalupa24.com.ar\/index.php\/wp-json\/wp\/v2\/posts\/4311\/revisions\/4313"}],"wp:featuredmedia":[{"embeddable":true,"href":"https:\/\/lalupa24.com.ar\/index.php\/wp-json\/wp\/v2\/media\/4312"}],"wp:attachment":[{"href":"https:\/\/lalupa24.com.ar\/index.php\/wp-json\/wp\/v2\/media?parent=4311"}],"wp:term":[{"taxonomy":"category","embeddable":true,"href":"https:\/\/lalupa24.com.ar\/index.php\/wp-json\/wp\/v2\/categories?post=4311"},{"taxonomy":"post_tag","embeddable":true,"href":"https:\/\/lalupa24.com.ar\/index.php\/wp-json\/wp\/v2\/tags?post=4311"}],"curies":[{"name":"wp","href":"https:\/\/api.w.org\/{rel}","templated":true}]}}