{"id":4314,"date":"2025-02-26T18:00:30","date_gmt":"2025-02-26T21:00:30","guid":{"rendered":"https:\/\/lalupa24.com.ar\/?p=4314"},"modified":"2025-02-26T18:00:31","modified_gmt":"2025-02-26T21:00:31","slug":"el-pro-no-acompana-la-designacion-por-decreto-de-ariel-lijo","status":"publish","type":"post","link":"https:\/\/lalupa24.com.ar\/index.php\/2025\/02\/26\/el-pro-no-acompana-la-designacion-por-decreto-de-ariel-lijo\/","title":{"rendered":"El pro no acompa\u00f1a la designaci\u00f3n por decreto de Ariel Lijo"},"content":{"rendered":"\n<p>As\u00ed lo expres\u00f3 el titular del bloque en el Senado, Alfredo De Angeli, a la salida de la reuni\u00f3n del PRO para definir la postura; el encuentro lo encabez\u00f3 Macri<\/p>\n\n\n\n<p>El jefe de senadores nacionales del PRO,&nbsp;Alfredo De Angeli, asegur\u00f3 esta tarde que el espacio no acompa\u00f1a el pliego del juez&nbsp;Ariel Lijo&nbsp;para integrar la Corte Suprema. Tambi\u00e9n incluy\u00f3 al otro nombramiento realizado por el Gobierno, el abogado&nbsp;Manuel Garc\u00eda Mansilla.&nbsp;<\/p>\n\n\n\n<p>&#8220;La mayor\u00eda del bloque va ir en contra del pliego de Lijo&#8221;, dijo De Angeli a la salida del encuentro del PRO que encabez\u00f3 el ex presidente Mauricio Macri en la sede nacional del partido en la ciudad de Buenos Aires.&nbsp;<\/p>\n\n\n\n<p>Sobre Garc\u00eda Mansilla, el dirigente de Entre R\u00edos resalt\u00f3 que su dictamen ni siquiera tiene las firmas para ser discutido en el recinto de la C\u00e1mara alta: &#8220;Va haber un gran debate dentro del Senado. Lo tengo que hablar con los integrantes del bloque&#8221;.<\/p>\n\n\n\n<p>Adem\u00e1s de Macri y De Angeli, estuvieron los diputados nacionales&nbsp;Cristian Ritondo&nbsp;y&nbsp;Diego Santilli, los intendentes&nbsp;Guillermo Montenegro&nbsp;y&nbsp;Soledad Mart\u00ednez; adem\u00e1s de&nbsp;Fernando de Andreis&nbsp;y&nbsp;Facundo P\u00e9rez Carletti.&nbsp;<\/p>\n\n\n\n<p>Este mi\u00e9rcoles, el presidente&nbsp;Javier Milei&nbsp;avanz\u00f3 por decreto con las designaciones de Lijo y Garc\u00eda Mansilla para ocupar las vacantes en la Corte Suprema, luego de haberlo avisado ayer mediante un comunicado que fue objetado por casi todo el arco pol\u00edtico opositor.&nbsp;<\/p>\n\n\n\n<p>El decreto destaca que el tribunal supremo cuenta actualmente con solo tres ministros, lo que complica su funcionamiento y la toma de decisiones, dado que se requieren al menos tres votos para resolver los casos.<\/p>\n\n\n\n<p>Tambi\u00e9n argumenta que el Senado no trat\u00f3 los pliegos enviados en mayo de 2024 y que, tras el receso legislativo y la finalizaci\u00f3n del per\u00edodo de sesiones extraordinarias, el Ejecutivo decidi\u00f3 avanzar con la designaci\u00f3n en comisi\u00f3n, ampar\u00e1ndose en el art\u00edculo 99, inciso 19 de la Constituci\u00f3n.<\/p>\n\n\n\n<p>Las vacantes que se esperan que ocupen Lijo y Garc\u00eda Mansilla se generaron tras la renuncia de Elena Highton de Nolasco, en 2021, y la de Juan Carlos Maqueda, en diciembre de 2024.&nbsp;<\/p>\n\n\n\n<p>El decreto establece que los jueces designados deber\u00e1n prestar juramento y asumir sus cargos en la Corte Suprema. Aclara que la medida estar\u00e1 vigente hasta que el Senado se expida sobre sus pliegos de manera definitiva.<\/p>\n","protected":false},"excerpt":{"rendered":"<p>As\u00ed lo expres\u00f3 el titular del bloque en el Senado, Alfredo De Angeli, a la salida de la reuni\u00f3n del PRO para definir la postura; el encuentro lo encabez\u00f3 Macri El jefe de senadores nacionales del PRO,&nbsp;Alfredo De Angeli, asegur\u00f3 esta tarde que el espacio no acompa\u00f1a el pliego del juez&nbsp;Ariel Lijo&nbsp;para integrar la Corte [&hellip;]<\/p>\n","protected":false},"author":11,"featured_media":3597,"comment_status":"open","ping_status":"open","sticky":false,"template":"","format":"standard","meta":{"footnotes":""},"categories":[26],"tags":[],"class_list":{"0":"post-4314","1":"post","2":"type-post","3":"status-publish","4":"format-standard","5":"has-post-thumbnail","7":"category-nacionales"},"aioseo_notices":[],"_links":{"self":[{"href":"https:\/\/lalupa24.com.ar\/index.php\/wp-json\/wp\/v2\/posts\/4314","targetHints":{"allow":["GET"]}}],"collection":[{"href":"https:\/\/lalupa24.com.ar\/index.php\/wp-json\/wp\/v2\/posts"}],"about":[{"href":"https:\/\/lalupa24.com.ar\/index.php\/wp-json\/wp\/v2\/types\/post"}],"author":[{"embeddable":true,"href":"https:\/\/lalupa24.com.ar\/index.php\/wp-json\/wp\/v2\/users\/11"}],"replies":[{"embeddable":true,"href":"https:\/\/lalupa24.com.ar\/index.php\/wp-json\/wp\/v2\/comments?post=4314"}],"version-history":[{"count":1,"href":"https:\/\/lalupa24.com.ar\/index.php\/wp-json\/wp\/v2\/posts\/4314\/revisions"}],"predecessor-version":[{"id":4315,"href":"https:\/\/lalupa24.com.ar\/index.php\/wp-json\/wp\/v2\/posts\/4314\/revisions\/4315"}],"wp:featuredmedia":[{"embeddable":true,"href":"https:\/\/lalupa24.com.ar\/index.php\/wp-json\/wp\/v2\/media\/3597"}],"wp:attachment":[{"href":"https:\/\/lalupa24.com.ar\/index.php\/wp-json\/wp\/v2\/media?parent=4314"}],"wp:term":[{"taxonomy":"category","embeddable":true,"href":"https:\/\/lalupa24.com.ar\/index.php\/wp-json\/wp\/v2\/categories?post=4314"},{"taxonomy":"post_tag","embeddable":true,"href":"https:\/\/lalupa24.com.ar\/index.php\/wp-json\/wp\/v2\/tags?post=4314"}],"curies":[{"name":"wp","href":"https:\/\/api.w.org\/{rel}","templated":true}]}}