{"id":4316,"date":"2025-02-26T18:16:00","date_gmt":"2025-02-26T21:16:00","guid":{"rendered":"https:\/\/lalupa24.com.ar\/?p=4316"},"modified":"2025-02-26T18:16:00","modified_gmt":"2025-02-26T21:16:00","slug":"chile-vuelve-a-la-normalidad-tras-el-apagon-electrico-que-obligo-al-gobierno-a-declarar-el-estado-de-excepcion-y-un-toque-de-queda","status":"publish","type":"post","link":"https:\/\/lalupa24.com.ar\/index.php\/2025\/02\/26\/chile-vuelve-a-la-normalidad-tras-el-apagon-electrico-que-obligo-al-gobierno-a-declarar-el-estado-de-excepcion-y-un-toque-de-queda\/","title":{"rendered":"Chile vuelve a la normalidad tras el apag\u00f3n el\u00e9ctrico que oblig\u00f3 al gobierno a declarar el estado de excepci\u00f3n y un toque de queda"},"content":{"rendered":"\n<p>Los chilenos volvieron a la normalidad este mi\u00e9rcoles tras un apag\u00f3n masivo que afect\u00f3 el martes a gran parte del pa\u00eds y que oblig\u00f3 al gobierno a decretar el estado de excepci\u00f3n y un toque de queda nocturno.<\/p>\n\n\n\n<p>El servicio fue restablecido pr\u00e1cticamente en todos los hogares, inform\u00f3 el Coordinador El\u00e9ctrico Nacional (CEN).<\/p>\n\n\n\n<p>Tambi\u00e9n se levant\u00f3 el estado de excepci\u00f3n.<\/p>\n\n\n\n<p>Millones de hogares estuvieron sin suministro el\u00e9ctrico durante horas desde el principio de la tarde del martes debido a una desconexi\u00f3n del sistema de transmisi\u00f3n de una importante l\u00ednea el\u00e9ctrica situada en el norte del pa\u00eds.<\/p>\n\n\n\n<p>El apag\u00f3n provoc\u00f3 un enorme caos circulatorio, especialmente en la capital, Santiago, e impidi\u00f3 la actividad bancaria, financiera, minera y comercial, adem\u00e1s de poner en riesgo a hospitales y otros servicios esenciales.<\/p>\n\n\n\n<p>Miles de agentes de agentes de Seguridad tuvieron que ser movilizados para controlar el orden p\u00fablico.<\/p>\n\n\n\n<p>&#8220;Lo ocurrido hoy nos indigna. No es tolerable que por responsabilidad de una o de varias empresas se afecte la vida cotidiana de millones de personas&#8221;, dijo el presidente de Chile, Gabriel Boric, en una declaraci\u00f3n institucional.<\/p>\n\n\n\n<p>Boric culp\u00f3 al sector de la empresa privada del corte masivo, y calific\u00f3 de &#8220;indignante&#8221; el apag\u00f3n. Asegur\u00f3 que es el &#8220;deber del Estado de Chile&#8221; investigar y &#8220;hacer valer&#8221; presuntas &#8220;responsabilidades&#8221;.<\/p>\n\n\n\n<p>&#8220;No es tolerable que por responsabilidad de una o varias empresas se afecte la vida cotidiana de millones de chilenos y chilenas&#8221;, asegur\u00f3.<\/p>\n\n\n\n<p>El presidente explic\u00f3 que el apag\u00f3n fue producto de una falla de la empresa ISA InterChile que produjo un corte de luz masivo en gran parte del pa\u00eds.<\/p>\n\n\n\n<p>El apag\u00f3n se produjo a las 15:15 hora local (18:15 GMT), lo que oblig\u00f3 al gobierno chileno a convocar al Comit\u00e9 de Gesti\u00f3n del Riesgo de Desastres (Cogrid) para analizar la in\u00e9dita situaci\u00f3n.<\/p>\n\n\n\n<p>La ministra del Interior, Carolina Toh\u00e1, inform\u00f3 que se decretaba el estado de excepci\u00f3n por cat\u00e1strofe y un toque de queda desde las 10 de la noche hasta las 6 de la ma\u00f1ana.<\/p>\n\n\n\n<p>Esta medida se aplic\u00f3 desde la regi\u00f3n de Arica, en el extremo norte del pa\u00eds, hasta la regi\u00f3n de Los Lagos, en la zona sur, abarcando una gran extensi\u00f3n del territorio chileno.<\/p>\n\n\n\n<p>El gobierno decidi\u00f3 suspender este mi\u00e9rcoles las clases en las escuelas del pa\u00eds, seg\u00fan inform\u00f3 Gabriel Boric, quien advirti\u00f3 que esa medida se mantendr\u00e1 incluso si se restablece el servicio, pues la idea es dar tranquilidad a las familias.<\/p>\n\n\n\n<p>Seg\u00fan el Coordinador El\u00e9ctrico Nacional, un organismo aut\u00f3nomo que organiza el funcionamiento del sistema, el apag\u00f3n fue causado por &#8220;una operaci\u00f3n no deseada&#8221;.<\/p>\n\n\n\n<p>El corte de luz caus\u00f3 el cierre de comercios, bancos, oficinas y centros comerciales, adem\u00e1s de un caos vial debido a la interrupci\u00f3n en el servicio de los sem\u00e1foros. El Metro en Santiago qued\u00f3 paralizado, afectando la movilidad de miles de personas en la capital. Los hospitales del pa\u00eds, seg\u00fan inform\u00f3 el Ministerio de Salud, continuaron funcionando con normalidad.<\/p>\n\n\n\n<p>El apag\u00f3n tambi\u00e9n oblig\u00f3 a suspender la tercera noche del afamado Festival de Vi\u00f1a del Mar.<\/p>\n","protected":false},"excerpt":{"rendered":"<p>Los chilenos volvieron a la normalidad este mi\u00e9rcoles tras un apag\u00f3n masivo que afect\u00f3 el martes a gran parte del pa\u00eds y que oblig\u00f3 al gobierno a decretar el estado de excepci\u00f3n y un toque de queda nocturno. El servicio fue restablecido pr\u00e1cticamente en todos los hogares, inform\u00f3 el Coordinador El\u00e9ctrico Nacional (CEN). Tambi\u00e9n se [&hellip;]<\/p>\n","protected":false},"author":11,"featured_media":4317,"comment_status":"open","ping_status":"open","sticky":false,"template":"","format":"standard","meta":{"footnotes":""},"categories":[25],"tags":[],"class_list":{"0":"post-4316","1":"post","2":"type-post","3":"status-publish","4":"format-standard","5":"has-post-thumbnail","7":"category-internacionales"},"aioseo_notices":[],"_links":{"self":[{"href":"https:\/\/lalupa24.com.ar\/index.php\/wp-json\/wp\/v2\/posts\/4316","targetHints":{"allow":["GET"]}}],"collection":[{"href":"https:\/\/lalupa24.com.ar\/index.php\/wp-json\/wp\/v2\/posts"}],"about":[{"href":"https:\/\/lalupa24.com.ar\/index.php\/wp-json\/wp\/v2\/types\/post"}],"author":[{"embeddable":true,"href":"https:\/\/lalupa24.com.ar\/index.php\/wp-json\/wp\/v2\/users\/11"}],"replies":[{"embeddable":true,"href":"https:\/\/lalupa24.com.ar\/index.php\/wp-json\/wp\/v2\/comments?post=4316"}],"version-history":[{"count":1,"href":"https:\/\/lalupa24.com.ar\/index.php\/wp-json\/wp\/v2\/posts\/4316\/revisions"}],"predecessor-version":[{"id":4318,"href":"https:\/\/lalupa24.com.ar\/index.php\/wp-json\/wp\/v2\/posts\/4316\/revisions\/4318"}],"wp:featuredmedia":[{"embeddable":true,"href":"https:\/\/lalupa24.com.ar\/index.php\/wp-json\/wp\/v2\/media\/4317"}],"wp:attachment":[{"href":"https:\/\/lalupa24.com.ar\/index.php\/wp-json\/wp\/v2\/media?parent=4316"}],"wp:term":[{"taxonomy":"category","embeddable":true,"href":"https:\/\/lalupa24.com.ar\/index.php\/wp-json\/wp\/v2\/categories?post=4316"},{"taxonomy":"post_tag","embeddable":true,"href":"https:\/\/lalupa24.com.ar\/index.php\/wp-json\/wp\/v2\/tags?post=4316"}],"curies":[{"name":"wp","href":"https:\/\/api.w.org\/{rel}","templated":true}]}}