{"id":4337,"date":"2025-02-27T13:28:46","date_gmt":"2025-02-27T16:28:46","guid":{"rendered":"https:\/\/lalupa24.com.ar\/?p=4337"},"modified":"2025-02-27T13:28:46","modified_gmt":"2025-02-27T16:28:46","slug":"la-corte-suprema-le-tomo-juramento-a-manuel-garcia-mansilla-y-define-sobre-ariel-lijo-la-proxima-semana","status":"publish","type":"post","link":"https:\/\/lalupa24.com.ar\/index.php\/2025\/02\/27\/la-corte-suprema-le-tomo-juramento-a-manuel-garcia-mansilla-y-define-sobre-ariel-lijo-la-proxima-semana\/","title":{"rendered":"La Corte Suprema le tom\u00f3 juramento a Manuel Garc\u00eda-Mansilla y define sobre Ariel Lijo la pr\u00f3xima semana"},"content":{"rendered":"\n<p>En el acto que se realiz\u00f3 este jueves en el cuarto piso del Palacio de Tribunales, el catedr\u00e1tico asumi\u00f3 como miembro del m\u00e1ximo tribunal luego de haber sido designado &#8220;en comisi\u00f3n&#8221; por decreto.<\/p>\n\n\n\n<p>La Corte Suprema de Justicia de la Naci\u00f3n le tom\u00f3 juramento este jueves a Manuel Garc\u00eda-Mansilla, luego de haber sido designado &#8220;en comisi\u00f3n&#8221; por el decreto 137\/25 del presidente Javier Milei, publicado en el Bolet\u00edn Oficial este mi\u00e9rcoles.<\/p>\n\n\n\n<p>El acto tuvo lugar en el Sal\u00f3n Bermejo del cuarto piso del Palacio de Tribunales, con la presencia del presidente del m\u00e1ximo tribunal, Horacio Rosatti, el vicepresidente Carlos Rosenkrantz, y el ministro Ricardo Lorenzetti.<\/p>\n\n\n\n<p>En tanto, se resolvi\u00f3 que en el Acuerdo del pr\u00f3ximo 6 de marzo, la Corte tratar\u00e1 la solicitud de licencia extraordinaria del juez federal Ariel Lijo, a quien la C\u00e1mara Federal porte\u00f1a ya le aval\u00f3 el pedido.<\/p>\n","protected":false},"excerpt":{"rendered":"<p>En el acto que se realiz\u00f3 este jueves en el cuarto piso del Palacio de Tribunales, el catedr\u00e1tico asumi\u00f3 como miembro del m\u00e1ximo tribunal luego de haber sido designado &#8220;en comisi\u00f3n&#8221; por decreto. La Corte Suprema de Justicia de la Naci\u00f3n le tom\u00f3 juramento este jueves a Manuel Garc\u00eda-Mansilla, luego de haber sido designado &#8220;en [&hellip;]<\/p>\n","protected":false},"author":11,"featured_media":4338,"comment_status":"open","ping_status":"open","sticky":false,"template":"","format":"standard","meta":{"footnotes":""},"categories":[26],"tags":[],"class_list":{"0":"post-4337","1":"post","2":"type-post","3":"status-publish","4":"format-standard","5":"has-post-thumbnail","7":"category-nacionales"},"aioseo_notices":[],"_links":{"self":[{"href":"https:\/\/lalupa24.com.ar\/index.php\/wp-json\/wp\/v2\/posts\/4337","targetHints":{"allow":["GET"]}}],"collection":[{"href":"https:\/\/lalupa24.com.ar\/index.php\/wp-json\/wp\/v2\/posts"}],"about":[{"href":"https:\/\/lalupa24.com.ar\/index.php\/wp-json\/wp\/v2\/types\/post"}],"author":[{"embeddable":true,"href":"https:\/\/lalupa24.com.ar\/index.php\/wp-json\/wp\/v2\/users\/11"}],"replies":[{"embeddable":true,"href":"https:\/\/lalupa24.com.ar\/index.php\/wp-json\/wp\/v2\/comments?post=4337"}],"version-history":[{"count":1,"href":"https:\/\/lalupa24.com.ar\/index.php\/wp-json\/wp\/v2\/posts\/4337\/revisions"}],"predecessor-version":[{"id":4339,"href":"https:\/\/lalupa24.com.ar\/index.php\/wp-json\/wp\/v2\/posts\/4337\/revisions\/4339"}],"wp:featuredmedia":[{"embeddable":true,"href":"https:\/\/lalupa24.com.ar\/index.php\/wp-json\/wp\/v2\/media\/4338"}],"wp:attachment":[{"href":"https:\/\/lalupa24.com.ar\/index.php\/wp-json\/wp\/v2\/media?parent=4337"}],"wp:term":[{"taxonomy":"category","embeddable":true,"href":"https:\/\/lalupa24.com.ar\/index.php\/wp-json\/wp\/v2\/categories?post=4337"},{"taxonomy":"post_tag","embeddable":true,"href":"https:\/\/lalupa24.com.ar\/index.php\/wp-json\/wp\/v2\/tags?post=4337"}],"curies":[{"name":"wp","href":"https:\/\/api.w.org\/{rel}","templated":true}]}}