{"id":4341,"date":"2025-02-27T13:38:12","date_gmt":"2025-02-27T16:38:12","guid":{"rendered":"https:\/\/lalupa24.com.ar\/?p=4341"},"modified":"2025-02-27T13:38:14","modified_gmt":"2025-02-27T16:38:14","slug":"el-gobierno-acelera-la-baja-en-la-edad-de-imputabilidad-tras-el-crimen-de-kim-gomez","status":"publish","type":"post","link":"https:\/\/lalupa24.com.ar\/index.php\/2025\/02\/27\/el-gobierno-acelera-la-baja-en-la-edad-de-imputabilidad-tras-el-crimen-de-kim-gomez\/","title":{"rendered":"El Gobierno acelera la baja en la edad de imputabilidad tras el crimen de Kim G\u00f3mez"},"content":{"rendered":"\n<p>En Casa Rosada reclaman el tratamiento &#8220;urgente&#8221; del R\u00e9gimen Penal Juvenil presentado a mediados de julio del 2024.<\/p>\n\n\n\n<p>El Gobierno Nacional busca acelerar el tratamiento y su posterior sanci\u00f3n de la baja en la edad de imputabilidad a ra\u00edz del asesinato de Kim G\u00f3mez en La Plata, en manos de dos adolescentes de 14 y 17 a\u00f1os.<\/p>\n\n\n\n<p>Al momento, seg\u00fan la ley, uno de los detenidos por el crimen, es inimputable por lo que no podr\u00e1 condenado por el homicidio de la ni\u00f1a que fue arrastrada por cuadras, luego de que intentara huir del auto robado.<\/p>\n\n\n\n<p>La primera en hacer eco del reclamo fue la ministra de Seguridad, Patricia Bullrich, quien a trav\u00e9s de sus redes sociales plante\u00f3: \u201cHace un a\u00f1o presentamos el R\u00e9gimen Penal Juvenil. Su tratamiento debe ser \u00a1URGENTE! Los argentinos no podemos esperar m\u00e1s\u201d.<\/p>\n\n\n\n<p>\u201cNo podemos seguir permitiendo la impunidad de los menores delincuentes, y menos a\u00fan de los reincidentes. Kicillof, tu inutilidad est\u00e1 costando vidas. Esperemos que tus diputados aprueben esta Ley, o \u00bfest\u00e1s a favor de que esto siga pasando?\u201d, argument\u00f3.<\/p>\n\n\n\n<p>Por su parte, el vocero presidencial, Manuel Adorni, revel\u00f3 en conferencia de prensa que se trata de un tema en agenda, y plante\u00f3 que el crimen en La Plata \u201ces una aberraci\u00f3n\u201d. \u201cIndependientemente de su minor\u00eda de edad o de no haber cumplido la mayor\u00eda de edad, no pueden seguir conviviendo en sociedad y matando gente\u201d, sostuvo.<\/p>\n\n\n\n<p>El Poder Ejecutivo Nacional, tras el trabajo de los ministros Patricia Bullrich (Seguridad) y Mariano C\u00faneo Libarona (Justicia), env\u00edo el pasado 15 de julio al Congreso un proyecto de ley que reduce la edad de imputabilidad a los trece a\u00f1os y establece un nuevo R\u00e9gimen Penal Juvenil para los adolescentes que cometan delitos tipificados en el C\u00f3digo Penal, donde se establece una pena m\u00e1xima de 20 a\u00f1os y se proh\u00edbe la reclusi\u00f3n perpetua.<\/p>\n\n\n\n<p>En Casa Rosada aseguran que es necesario bajar la edad de imputabilidad ya que \u201clos delitos cometidos por menores de 16 a\u00f1os quedan impunes&#8221;, lo que genera \u201cuna situaci\u00f3n de injusticia, que perciben tanto las v\u00edctimas como la sociedad en general\u201d.<\/p>\n\n\n\n<p>El detalle del proyecto<\/p>\n\n\n\n<p>El proyecto establece un r\u00e9gimen penal aplicable a las personas adolescente desde los 13 hasta los 18 a\u00f1os cuando fueran imputadas por un hecho tipificado como delito en el C\u00f3digo Penal.<\/p>\n\n\n\n<p>En su redacci\u00f3n se determina que no se le impondr\u00e1 al menor una pena por reclusi\u00f3n perpetua, siendo el m\u00e1ximo de la prisi\u00f3n de 20, aunque la escala penal podr\u00eda ser m\u00e1s elevada, producto de la concurrencia real de varios hechos independientes.<\/p>\n\n\n\n<p>En los fundamentos del proyecto, el Gobierno se\u00f1ala que \u201cla situaci\u00f3n de los menores en conflicto con la ley penal es uno de los graves problemas que hoy atraviesa la sociedad argentina y su abordaje requiere una soluci\u00f3n integral que contemple no solo la cuesti\u00f3n punitiva, sino tambi\u00e9n medidas estatales que acompa\u00f1en al adolescente luego, con el objeto de que obtenga un futuro con integraci\u00f3n social y trabajo, comprensi\u00f3n y arrepentimiento por la conducta punible perpetrada\u201d.<\/p>\n\n\n\n<p>\u201cEn este sentido, cabe destacar que la Ley N\u00b0 22.278, actual R\u00e9gimen Penal de la Minoridad, sancionada en 1980, no responde a los principios reconocidos en la Constituci\u00f3n Nacional y en la legislaci\u00f3n internacional, respecto del menor que ha infringido la ley penal\u201d, agrega.<\/p>\n\n\n\n<p>El oficialismo destaca que \u201cpor ello que resulta indispensable sancionar una ley especial que regule la materia e incorpore los referidos principios, adecuada a nuestra realidad social&#8221;.<\/p>\n\n\n\n<p>Por su parte, destaca que desde la sanci\u00f3n de la ley penal juvenil \u201cel mundo, nuestra realidad, los adolescentes, su actuaci\u00f3n y la comprensi\u00f3n de la criminalidad de sus actos han sufrido grandes cambios, lo que trae aparejada la necesidad imperiosa de practicar una reforma legislativa que se corresponda con la situaci\u00f3n actual de los adolescentes &#8211; muchos de los cuales han sido incorporados a bandas criminales- y con las necesidades de la sociedad\u201d.<\/p>\n","protected":false},"excerpt":{"rendered":"<p>En Casa Rosada reclaman el tratamiento &#8220;urgente&#8221; del R\u00e9gimen Penal Juvenil presentado a mediados de julio del 2024. El Gobierno Nacional busca acelerar el tratamiento y su posterior sanci\u00f3n de la baja en la edad de imputabilidad a ra\u00edz del asesinato de Kim G\u00f3mez en La Plata, en manos de dos adolescentes de 14 y [&hellip;]<\/p>\n","protected":false},"author":11,"featured_media":4342,"comment_status":"open","ping_status":"open","sticky":false,"template":"","format":"standard","meta":{"footnotes":""},"categories":[26],"tags":[],"class_list":{"0":"post-4341","1":"post","2":"type-post","3":"status-publish","4":"format-standard","5":"has-post-thumbnail","7":"category-nacionales"},"aioseo_notices":[],"_links":{"self":[{"href":"https:\/\/lalupa24.com.ar\/index.php\/wp-json\/wp\/v2\/posts\/4341","targetHints":{"allow":["GET"]}}],"collection":[{"href":"https:\/\/lalupa24.com.ar\/index.php\/wp-json\/wp\/v2\/posts"}],"about":[{"href":"https:\/\/lalupa24.com.ar\/index.php\/wp-json\/wp\/v2\/types\/post"}],"author":[{"embeddable":true,"href":"https:\/\/lalupa24.com.ar\/index.php\/wp-json\/wp\/v2\/users\/11"}],"replies":[{"embeddable":true,"href":"https:\/\/lalupa24.com.ar\/index.php\/wp-json\/wp\/v2\/comments?post=4341"}],"version-history":[{"count":1,"href":"https:\/\/lalupa24.com.ar\/index.php\/wp-json\/wp\/v2\/posts\/4341\/revisions"}],"predecessor-version":[{"id":4343,"href":"https:\/\/lalupa24.com.ar\/index.php\/wp-json\/wp\/v2\/posts\/4341\/revisions\/4343"}],"wp:featuredmedia":[{"embeddable":true,"href":"https:\/\/lalupa24.com.ar\/index.php\/wp-json\/wp\/v2\/media\/4342"}],"wp:attachment":[{"href":"https:\/\/lalupa24.com.ar\/index.php\/wp-json\/wp\/v2\/media?parent=4341"}],"wp:term":[{"taxonomy":"category","embeddable":true,"href":"https:\/\/lalupa24.com.ar\/index.php\/wp-json\/wp\/v2\/categories?post=4341"},{"taxonomy":"post_tag","embeddable":true,"href":"https:\/\/lalupa24.com.ar\/index.php\/wp-json\/wp\/v2\/tags?post=4341"}],"curies":[{"name":"wp","href":"https:\/\/api.w.org\/{rel}","templated":true}]}}