{"id":4346,"date":"2025-02-27T13:47:28","date_gmt":"2025-02-27T16:47:28","guid":{"rendered":"https:\/\/lalupa24.com.ar\/?p=4346"},"modified":"2025-02-27T13:47:30","modified_gmt":"2025-02-27T16:47:30","slug":"este-sabado-milei-inaugurara-el-143-periodo-de-sesiones-ordinarias","status":"publish","type":"post","link":"https:\/\/lalupa24.com.ar\/index.php\/2025\/02\/27\/este-sabado-milei-inaugurara-el-143-periodo-de-sesiones-ordinarias\/","title":{"rendered":"Este s\u00e1bado Milei inaugurara el 143\u00b0 per\u00edodo de sesiones ordinarias"},"content":{"rendered":"\n<p>Se&nbsp; convoc\u00f3 formalmente a la apertura de sesiones ordinarias en el Congreso, este s\u00e1bado a partir de las 21.<\/p>\n\n\n\n<p>El presidente Javier Milei dar\u00e1 por cadena nacional su discurso ante la Asamblea Legislativa, la cual la vicepresidenta Victoria Villarruel abrir\u00e1 unos minutos antes. Ser\u00e1 el reencuentro p\u00fablico entre ambos luego de la interna que estall\u00f3 con las propias declaraciones de Milei durante una entrevista en noviembre pasado.<\/p>\n\n\n\n<p>Por protocolo, en el inicio de la Asamblea se designar\u00e1n dos comisiones de legisladores que, adem\u00e1s de las autoridades de ambas c\u00e1maras, recibir\u00e1n al mandatario en su arribo al Parlamento.<\/p>\n\n\n\n<p>Milei asistir\u00e1 para dejar inaugurado el 143\u00b0 per\u00edodo de sesiones ordinarias, luego de haber logrado objetivos favorables en el tratamiento del temario de extraordinarias, pero en un clima de tensi\u00f3n con la oposici\u00f3n, a ra\u00edz del esc\u00e1ndalo con la criptomoneda $LIBRA y la m\u00e1s reciente designaci\u00f3n por decreto de Ariel Lijo y Manuel Garc\u00eda-Mansilla como jueces de la Corte.<\/p>\n\n\n\n<p>Sin embargo, desde distintos sectores ya anticiparon que no tienen intenci\u00f3n de asistir al discurso presidencial. En el medio, todo el arco opositor se levant\u00f3 en queja por las restricciones a la prensa que Casa Rosada orden\u00f3 y en el Congreso aceptaron.<\/p>\n\n\n\n<p>El discurso de Milei ser\u00e1 el cuarto que d\u00e9 en el Congreso y el segundo para dejar abierto un a\u00f1o legislativo: el primero fue en su asunci\u00f3n, aunque no se produjo en el recinto de la C\u00e1mara de Diputados sino en las escalinatas del Palacio; el segundo fue el 1ro. de marzo de 2024; y el tercero el pasado 15 de septiembre cuando, en un hecho in\u00e9dito, asisti\u00f3 a presentar el Presupuesto 2025.<\/p>\n","protected":false},"excerpt":{"rendered":"<p>Se&nbsp; convoc\u00f3 formalmente a la apertura de sesiones ordinarias en el Congreso, este s\u00e1bado a partir de las 21. El presidente Javier Milei dar\u00e1 por cadena nacional su discurso ante la Asamblea Legislativa, la cual la vicepresidenta Victoria Villarruel abrir\u00e1 unos minutos antes. Ser\u00e1 el reencuentro p\u00fablico entre ambos luego de la interna que estall\u00f3 [&hellip;]<\/p>\n","protected":false},"author":11,"featured_media":4348,"comment_status":"open","ping_status":"open","sticky":false,"template":"","format":"standard","meta":{"footnotes":""},"categories":[26],"tags":[],"class_list":{"0":"post-4346","1":"post","2":"type-post","3":"status-publish","4":"format-standard","5":"has-post-thumbnail","7":"category-nacionales"},"aioseo_notices":[],"_links":{"self":[{"href":"https:\/\/lalupa24.com.ar\/index.php\/wp-json\/wp\/v2\/posts\/4346","targetHints":{"allow":["GET"]}}],"collection":[{"href":"https:\/\/lalupa24.com.ar\/index.php\/wp-json\/wp\/v2\/posts"}],"about":[{"href":"https:\/\/lalupa24.com.ar\/index.php\/wp-json\/wp\/v2\/types\/post"}],"author":[{"embeddable":true,"href":"https:\/\/lalupa24.com.ar\/index.php\/wp-json\/wp\/v2\/users\/11"}],"replies":[{"embeddable":true,"href":"https:\/\/lalupa24.com.ar\/index.php\/wp-json\/wp\/v2\/comments?post=4346"}],"version-history":[{"count":1,"href":"https:\/\/lalupa24.com.ar\/index.php\/wp-json\/wp\/v2\/posts\/4346\/revisions"}],"predecessor-version":[{"id":4349,"href":"https:\/\/lalupa24.com.ar\/index.php\/wp-json\/wp\/v2\/posts\/4346\/revisions\/4349"}],"wp:featuredmedia":[{"embeddable":true,"href":"https:\/\/lalupa24.com.ar\/index.php\/wp-json\/wp\/v2\/media\/4348"}],"wp:attachment":[{"href":"https:\/\/lalupa24.com.ar\/index.php\/wp-json\/wp\/v2\/media?parent=4346"}],"wp:term":[{"taxonomy":"category","embeddable":true,"href":"https:\/\/lalupa24.com.ar\/index.php\/wp-json\/wp\/v2\/categories?post=4346"},{"taxonomy":"post_tag","embeddable":true,"href":"https:\/\/lalupa24.com.ar\/index.php\/wp-json\/wp\/v2\/tags?post=4346"}],"curies":[{"name":"wp","href":"https:\/\/api.w.org\/{rel}","templated":true}]}}