{"id":4347,"date":"2025-02-27T13:47:43","date_gmt":"2025-02-27T16:47:43","guid":{"rendered":"https:\/\/lalupa24.com.ar\/?p=4347"},"modified":"2025-02-27T13:47:45","modified_gmt":"2025-02-27T16:47:45","slug":"saenz-pena-avanzan-las-acciones-del-gobierno-provincial-ante-el-impacto-de-la-sequia-junto-a-los-delegados-territoriales","status":"publish","type":"post","link":"https:\/\/lalupa24.com.ar\/index.php\/2025\/02\/27\/saenz-pena-avanzan-las-acciones-del-gobierno-provincial-ante-el-impacto-de-la-sequia-junto-a-los-delegados-territoriales\/","title":{"rendered":"S\u00e1enz Pe\u00f1a: avanzan las acciones del gobierno provincial ante el impacto de la sequ\u00eda junto a los\u00a0 delegados territoriales"},"content":{"rendered":"\n<p>En Presidencia Roque S\u00e1enz Pe\u00f1a, el Secretario coordinador de Gabinete, Livio Guti\u00e9rrez, convoc\u00f3 a los delegados del Ministerio de la Producci\u00f3n y el Desarrollo Econ\u00f3mico Sostenible, para continuar con el trabajo articulado de todas las \u00e1reas del Estado provincial ante la crisis h\u00eddrica que afecta a la regi\u00f3n.<\/p>\n\n\n\n<p>Junto al Equipo de Producci\u00f3n, representado por los subsecretarios Julio Fantin (Agricultura), Orlando Moran (Coordinaci\u00f3n), Mariela Kaslo (Ganader\u00eda) y Oscar Navarro (Desarrollo Forestal); y el Director de Desarrollo Territorial y Agencias, Marcelo Leyes; Guti\u00e9rrez explic\u00f3 que &#8220;la idea es relevar la situaci\u00f3n en cada una de las localidades, el Chaco es demasiado grande y la situaci\u00f3n es diferente en cada zona&#8221;; agregando que &#8221; por instrucciones del se\u00f1or Gobernador ya empezamos a trabajar desde el punto de vista administrativo y jur\u00eddico; y en las pr\u00f3ximas semanas vamos a contar con la determinaci\u00f3n exacta de cu\u00e1l es el da\u00f1o en cada departamento, en cada regi\u00f3n&#8221;.&nbsp;<\/p>\n\n\n\n<p>Sobre las subcomisiones en cada localidad, el funcionario a cargo del Ministerio aclar\u00f3 que &#8220;los intendentes tienen que convocar porque los presidentes de las subcomisiones de emergencia, son los intendentes&#8221;; y se\u00f1al\u00f3 que &#8220;tambi\u00e9n tienen que convocar a las fuerzas vivas de su localidad, a los consorcios camineros, a las sociedades rurales, a las entidades vinculadas al agro, las cooperativas; y una vez que est\u00e1 constituida esta comisi\u00f3n, ah\u00ed se hace la evaluaci\u00f3n persona por persona&#8221;.<\/p>\n\n\n\n<p>El subsecretario de Agricultura, Julio Fantin, se\u00f1al\u00f3 que &#8220;en los pr\u00f3ximos d\u00edas, a trav\u00e9s de la Subsecretar\u00eda de Municipios, vamos a solicitar que se constituyan las subcomisiones como marca la ley&#8221;, advirti\u00f3 que &#8220;estamos transitando una situaci\u00f3n clim\u00e1tica adversa y las consecuencias las vamos a ver en los pr\u00f3ximos meses&#8221; y lament\u00f3 que &#8220;no se puede sostener un esquema productivo con 40 grados de temperatura durante mas de un mes&#8221;.<\/p>\n\n\n\n<p>Al finalizar la reuni\u00f3n, el subsecretario de Coordinaci\u00f3n destac\u00f3 &#8220;la unificaci\u00f3n de criterios a la hora de concretar el trabajo en territorio&#8221; y adelant\u00f3 que estos encuentros provinciales &#8220;los vamos a hacer una vez por mes&#8221;. Esta grave situaci\u00f3n &#8220;debe servirnos para eloborar un plan estrat\u00e9gico duradero y que traspase las gestiones para no trabajar permanentemente en la coyuntura&#8221;.<\/p>\n","protected":false},"excerpt":{"rendered":"<p>En Presidencia Roque S\u00e1enz Pe\u00f1a, el Secretario coordinador de Gabinete, Livio Guti\u00e9rrez, convoc\u00f3 a los delegados del Ministerio de la Producci\u00f3n y el Desarrollo Econ\u00f3mico Sostenible, para continuar con el trabajo articulado de todas las \u00e1reas del Estado provincial ante la crisis h\u00eddrica que afecta a la regi\u00f3n. Junto al Equipo de Producci\u00f3n, representado por [&hellip;]<\/p>\n","protected":false},"author":2,"featured_media":4350,"comment_status":"open","ping_status":"open","sticky":false,"template":"","format":"standard","meta":{"footnotes":""},"categories":[28],"tags":[],"class_list":{"0":"post-4347","1":"post","2":"type-post","3":"status-publish","4":"format-standard","5":"has-post-thumbnail","7":"category-locales"},"aioseo_notices":[],"_links":{"self":[{"href":"https:\/\/lalupa24.com.ar\/index.php\/wp-json\/wp\/v2\/posts\/4347","targetHints":{"allow":["GET"]}}],"collection":[{"href":"https:\/\/lalupa24.com.ar\/index.php\/wp-json\/wp\/v2\/posts"}],"about":[{"href":"https:\/\/lalupa24.com.ar\/index.php\/wp-json\/wp\/v2\/types\/post"}],"author":[{"embeddable":true,"href":"https:\/\/lalupa24.com.ar\/index.php\/wp-json\/wp\/v2\/users\/2"}],"replies":[{"embeddable":true,"href":"https:\/\/lalupa24.com.ar\/index.php\/wp-json\/wp\/v2\/comments?post=4347"}],"version-history":[{"count":1,"href":"https:\/\/lalupa24.com.ar\/index.php\/wp-json\/wp\/v2\/posts\/4347\/revisions"}],"predecessor-version":[{"id":4351,"href":"https:\/\/lalupa24.com.ar\/index.php\/wp-json\/wp\/v2\/posts\/4347\/revisions\/4351"}],"wp:featuredmedia":[{"embeddable":true,"href":"https:\/\/lalupa24.com.ar\/index.php\/wp-json\/wp\/v2\/media\/4350"}],"wp:attachment":[{"href":"https:\/\/lalupa24.com.ar\/index.php\/wp-json\/wp\/v2\/media?parent=4347"}],"wp:term":[{"taxonomy":"category","embeddable":true,"href":"https:\/\/lalupa24.com.ar\/index.php\/wp-json\/wp\/v2\/categories?post=4347"},{"taxonomy":"post_tag","embeddable":true,"href":"https:\/\/lalupa24.com.ar\/index.php\/wp-json\/wp\/v2\/tags?post=4347"}],"curies":[{"name":"wp","href":"https:\/\/api.w.org\/{rel}","templated":true}]}}