{"id":4352,"date":"2025-02-27T13:56:10","date_gmt":"2025-02-27T16:56:10","guid":{"rendered":"https:\/\/lalupa24.com.ar\/?p=4352"},"modified":"2025-02-27T13:56:12","modified_gmt":"2025-02-27T16:56:12","slug":"el-papa-francisco-durmio-bien-y-esta-descansando","status":"publish","type":"post","link":"https:\/\/lalupa24.com.ar\/index.php\/2025\/02\/27\/el-papa-francisco-durmio-bien-y-esta-descansando\/","title":{"rendered":"El papa Francisco \u201cdurmi\u00f3 bien y est\u00e1 descansando\u201d"},"content":{"rendered":"\n<p>As\u00ed lo indicaron desde la Oficina de Prensa del Vaticano tras informar el mi\u00e9rcoles que el Sumo Pont\u00edfice tuvo una \u201cleve mejor\u00eda\u201d.<\/p>\n\n\n\n<p>El papa Francisco \u201cdurmi\u00f3 bien y est\u00e1 descansando\u201d en el Policl\u00ednico \u201cAgostino Gemelli\u201d donde se encuentra internado desde el 14 de febrero pasado y tras haber tenido una \u201cleve mejor\u00eda\u201d.<\/p>\n\n\n\n<p>\u201cEl Papa durmi\u00f3 bien anoche y ahora est\u00e1 descansando\u201d, informaron desde la Santa Sede, mientras que en el bolet\u00edn m\u00e9dico del mi\u00e9rcoles se indic\u00f3 que la tomograf\u00eda computarizada de t\u00f3rax revel\u00f3 &#8220;una evoluci\u00f3n normal del cuadro inflamatorio pulmonar&#8221;.<\/p>\n\n\n\n<p>\u201cLa oxigenoterapia de alto flujo contin\u00faa, seg\u00fan el comunicado de prensa vespertino del equipo m\u00e9dico, al igual que la fisioterapia respiratoria. La diagnosis contin\u00faa siendo reservada\u201d, se\u00f1al\u00f3 la Oficina de Prensa del Vaticano en el escrito que difundi\u00f3 en su web y en las redes sociales.<\/p>\n","protected":false},"excerpt":{"rendered":"<p>As\u00ed lo indicaron desde la Oficina de Prensa del Vaticano tras informar el mi\u00e9rcoles que el Sumo Pont\u00edfice tuvo una \u201cleve mejor\u00eda\u201d. El papa Francisco \u201cdurmi\u00f3 bien y est\u00e1 descansando\u201d en el Policl\u00ednico \u201cAgostino Gemelli\u201d donde se encuentra internado desde el 14 de febrero pasado y tras haber tenido una \u201cleve mejor\u00eda\u201d. \u201cEl Papa durmi\u00f3 [&hellip;]<\/p>\n","protected":false},"author":11,"featured_media":4353,"comment_status":"open","ping_status":"open","sticky":false,"template":"","format":"standard","meta":{"footnotes":""},"categories":[25],"tags":[],"class_list":{"0":"post-4352","1":"post","2":"type-post","3":"status-publish","4":"format-standard","5":"has-post-thumbnail","7":"category-internacionales"},"aioseo_notices":[],"_links":{"self":[{"href":"https:\/\/lalupa24.com.ar\/index.php\/wp-json\/wp\/v2\/posts\/4352","targetHints":{"allow":["GET"]}}],"collection":[{"href":"https:\/\/lalupa24.com.ar\/index.php\/wp-json\/wp\/v2\/posts"}],"about":[{"href":"https:\/\/lalupa24.com.ar\/index.php\/wp-json\/wp\/v2\/types\/post"}],"author":[{"embeddable":true,"href":"https:\/\/lalupa24.com.ar\/index.php\/wp-json\/wp\/v2\/users\/11"}],"replies":[{"embeddable":true,"href":"https:\/\/lalupa24.com.ar\/index.php\/wp-json\/wp\/v2\/comments?post=4352"}],"version-history":[{"count":1,"href":"https:\/\/lalupa24.com.ar\/index.php\/wp-json\/wp\/v2\/posts\/4352\/revisions"}],"predecessor-version":[{"id":4355,"href":"https:\/\/lalupa24.com.ar\/index.php\/wp-json\/wp\/v2\/posts\/4352\/revisions\/4355"}],"wp:featuredmedia":[{"embeddable":true,"href":"https:\/\/lalupa24.com.ar\/index.php\/wp-json\/wp\/v2\/media\/4353"}],"wp:attachment":[{"href":"https:\/\/lalupa24.com.ar\/index.php\/wp-json\/wp\/v2\/media?parent=4352"}],"wp:term":[{"taxonomy":"category","embeddable":true,"href":"https:\/\/lalupa24.com.ar\/index.php\/wp-json\/wp\/v2\/categories?post=4352"},{"taxonomy":"post_tag","embeddable":true,"href":"https:\/\/lalupa24.com.ar\/index.php\/wp-json\/wp\/v2\/tags?post=4352"}],"curies":[{"name":"wp","href":"https:\/\/api.w.org\/{rel}","templated":true}]}}