{"id":437,"date":"2024-03-07T15:54:54","date_gmt":"2024-03-07T18:54:54","guid":{"rendered":"https:\/\/lalupa24.com.ar\/?p=437"},"modified":"2024-03-07T15:57:31","modified_gmt":"2024-03-07T18:57:31","slug":"las-paradas-de-colectivos-en-mitre-del-0-a-100-tendran-garitas-para-la-proteccion-de-los-usuarios","status":"publish","type":"post","link":"https:\/\/lalupa24.com.ar\/index.php\/2024\/03\/07\/las-paradas-de-colectivos-en-mitre-del-0-a-100-tendran-garitas-para-la-proteccion-de-los-usuarios\/","title":{"rendered":"LAS PARADAS DE COLECTIVOS EN MITRE DEL 0 A 100 TENDRAN GARITAS PARA LA PROTECCION DE LOS USUARIOS"},"content":{"rendered":"\n<p>La Municipalidad de Resistencia inici\u00f3 la instalaci\u00f3n de garitas para los usuarios del transporte p\u00fablico de pasajeros, modalidad \u00f3mnibus, teniendo en cuenta el nuevo recorrido por el microcentro.<\/p>\n\n\n\n<p>&nbsp;El personal y equipos viales de la Direcci\u00f3n de Obras por Administraci\u00f3n, dependiente de la Secretar\u00eda de Obras P\u00fablicas, coloc\u00f3 estos refugios en calle Mitre del 0 a 100, en la vereda de Casa de Gobierno.<\/p>\n\n\n\n<p>Se espera que en la jornada de este jueves se termine y que, dependiendo del secado de la base de cemento, est\u00e9n habilitados entre este viernes o el s\u00e1bado.<\/p>\n\n\n\n<p>&nbsp;Sobre este trabajo habl\u00f3 Dar\u00edo Sardi, subsecretario de Tr\u00e1nsito y Transporte comunal: \u201cEste sector estaba desprovisto de resguardo para los usuarios de colectivos, quienes deb\u00edan esperar bajo los rayos del sol o en tiempos de lluvia\u201d. \u201cCabe recordar que con la intervenci\u00f3n urbana que ejecutan el Municipio y Vialidad Provincial, arreglando los baches del microcentro, hay un nuevo trazado en el recorrido de las unidades y que continuar\u00e1 as\u00ed, por lo que fue necesario mover algunas garitas hasta este lugar\u201d, adjunt\u00f3. Destac\u00f3 el trabajo articulado entre la Comuna y la Provincia para proveer de las mismas: \u201cEra lo m\u00e1s solicitado, no hab\u00eda techo ni otro tipo de resguardo, encima frente a uno de los edificios m\u00e1s emblem\u00e1ticos de Resistencia\u201d. Indic\u00f3 que se colocar\u00e1n m\u00e1s refugios en otros puntos del microcentro, que es la zona donde por los trabajos de bacheo se alteraron los recorridos, de manera definitiva.<\/p>\n\n\n\n<p>Con el nuevo trazado de colectivos se recuperaron 24 cuadras para estacionamientos de autos, motos, espacios reservados para taxis, cargas y descargas de veh\u00edculos repartidores de mercader\u00edas e insumos y para personas con discapacidad.<\/p>\n","protected":false},"excerpt":{"rendered":"<p>La Municipalidad de Resistencia inici\u00f3 la instalaci\u00f3n de garitas para los usuarios del transporte p\u00fablico de pasajeros, modalidad \u00f3mnibus, teniendo en cuenta el nuevo recorrido por el microcentro. &nbsp;El personal y equipos viales de la Direcci\u00f3n de Obras por Administraci\u00f3n, dependiente de la Secretar\u00eda de Obras P\u00fablicas, coloc\u00f3 estos refugios en calle Mitre del 0 [&hellip;]<\/p>\n","protected":false},"author":2,"featured_media":440,"comment_status":"open","ping_status":"open","sticky":false,"template":"","format":"standard","meta":{"footnotes":""},"categories":[28],"tags":[],"class_list":{"0":"post-437","1":"post","2":"type-post","3":"status-publish","4":"format-standard","5":"has-post-thumbnail","7":"category-locales"},"aioseo_notices":[],"_links":{"self":[{"href":"https:\/\/lalupa24.com.ar\/index.php\/wp-json\/wp\/v2\/posts\/437","targetHints":{"allow":["GET"]}}],"collection":[{"href":"https:\/\/lalupa24.com.ar\/index.php\/wp-json\/wp\/v2\/posts"}],"about":[{"href":"https:\/\/lalupa24.com.ar\/index.php\/wp-json\/wp\/v2\/types\/post"}],"author":[{"embeddable":true,"href":"https:\/\/lalupa24.com.ar\/index.php\/wp-json\/wp\/v2\/users\/2"}],"replies":[{"embeddable":true,"href":"https:\/\/lalupa24.com.ar\/index.php\/wp-json\/wp\/v2\/comments?post=437"}],"version-history":[{"count":1,"href":"https:\/\/lalupa24.com.ar\/index.php\/wp-json\/wp\/v2\/posts\/437\/revisions"}],"predecessor-version":[{"id":441,"href":"https:\/\/lalupa24.com.ar\/index.php\/wp-json\/wp\/v2\/posts\/437\/revisions\/441"}],"wp:featuredmedia":[{"embeddable":true,"href":"https:\/\/lalupa24.com.ar\/index.php\/wp-json\/wp\/v2\/media\/440"}],"wp:attachment":[{"href":"https:\/\/lalupa24.com.ar\/index.php\/wp-json\/wp\/v2\/media?parent=437"}],"wp:term":[{"taxonomy":"category","embeddable":true,"href":"https:\/\/lalupa24.com.ar\/index.php\/wp-json\/wp\/v2\/categories?post=437"},{"taxonomy":"post_tag","embeddable":true,"href":"https:\/\/lalupa24.com.ar\/index.php\/wp-json\/wp\/v2\/tags?post=437"}],"curies":[{"name":"wp","href":"https:\/\/api.w.org\/{rel}","templated":true}]}}