{"id":4370,"date":"2025-02-27T15:55:59","date_gmt":"2025-02-27T18:55:59","guid":{"rendered":"https:\/\/lalupa24.com.ar\/?p=4370"},"modified":"2025-02-27T15:56:01","modified_gmt":"2025-02-27T18:56:01","slug":"prision-perpetua-para-mario-barrientos-por-el-femicidio-de-joana-gonzalez","status":"publish","type":"post","link":"https:\/\/lalupa24.com.ar\/index.php\/2025\/02\/27\/prision-perpetua-para-mario-barrientos-por-el-femicidio-de-joana-gonzalez\/","title":{"rendered":"Prisi\u00f3n perpetua para Mario Barrientos por el femicidio de Joana Gonz\u00e1lez"},"content":{"rendered":"\n<p>Mario Rafael Barrientos fue condenado a prisi\u00f3n perpetua, en el marco de un juicio abreviado, por el homicidio triplemente calificado por el v\u00ednculo, ensa\u00f1amiento y en contexto de violencia de g\u00e9nero (femicidio) de Joana Gonz\u00e1lez. La decisi\u00f3n la tom\u00f3 en sala unipersonal, la jueza de la C\u00e1mara Primera en lo Criminal de Resistencia, Natalia Kuray, luego de que Barrientos aceptase su autor\u00eda en el delito por el que se lo acusara en la causa 16.720\/2024-1.<\/p>\n\n\n\n<p>Durante la audiencia celebrada este jueves, Barrientos fue informado en detalle respecto a los alcances del instituto del juicio abreviado, as\u00ed como tambi\u00e9n que someterse al mismo implica renunciar a la posibilidad de ser juzgado por un jurado popular (como es debido por aplicaci\u00f3n de la Ley N\u00ba 2364-B). A ello respondi\u00f3 siempre que comprend\u00eda lo que acontec\u00eda, que sab\u00eda en qu\u00e9 consist\u00eda el instituto, lo explic\u00f3 con sus propias palabras, y que era su deseo culminar con la causa mediante el mismo, aceptando su autor\u00eda en el delito de que se lo acusaba, as\u00ed como la pena de prisi\u00f3n perpetua (NdeR: \u00fanica prevista en el C\u00f3digo Penal para el delito endilgado).<\/p>\n\n\n\n<p>Las partes estuvieron representadas por el fiscal de C\u00e1mara Tercera en lo Criminal, Sergio C\u00e1ceres Olivera, Pablo Vianello como querellante particular y la defensora oficial N\u00ba 10, Yamila Baldovino, en representaci\u00f3n del imputado.<\/p>\n\n\n\n<p>Adem\u00e1s, por pedido de la defensa fue evaluada la posibilidad de realizar una junta m\u00e9dica a Barrientos con el fin de determinar su estado de salud mental, ubicaci\u00f3n t\u00e9mporo-espacial y su comprensi\u00f3n respecto a los actos procesales que demanda la tramitaci\u00f3n de la causa, acord\u00e1ndose por expreso pedido del imputado que la misma tenga lugar en la etapa de ejecuci\u00f3n de la pena.<\/p>\n\n\n\n<p>Tambi\u00e9n se hizo lugar al pedido del imputado y su defensa t\u00e9cnica de ser trasladado al \u00e1rea de Salud Mental del Hospital &#8220;Dr. Julio C. Perrando&#8221; para recibir la medicaci\u00f3n o el tratamiento que fuera indicado.<\/p>\n\n\n\n<p>Finalmente, la camarista Kuray fij\u00f3 la lectura de los fundamentos de la sentencia para el lunes 17 de marzo.<\/p>\n","protected":false},"excerpt":{"rendered":"<p>Mario Rafael Barrientos fue condenado a prisi\u00f3n perpetua, en el marco de un juicio abreviado, por el homicidio triplemente calificado por el v\u00ednculo, ensa\u00f1amiento y en contexto de violencia de g\u00e9nero (femicidio) de Joana Gonz\u00e1lez. La decisi\u00f3n la tom\u00f3 en sala unipersonal, la jueza de la C\u00e1mara Primera en lo Criminal de Resistencia, Natalia Kuray, [&hellip;]<\/p>\n","protected":false},"author":2,"featured_media":4374,"comment_status":"open","ping_status":"open","sticky":false,"template":"","format":"standard","meta":{"footnotes":""},"categories":[155],"tags":[],"class_list":{"0":"post-4370","1":"post","2":"type-post","3":"status-publish","4":"format-standard","5":"has-post-thumbnail","7":"category-policiales"},"aioseo_notices":[],"_links":{"self":[{"href":"https:\/\/lalupa24.com.ar\/index.php\/wp-json\/wp\/v2\/posts\/4370","targetHints":{"allow":["GET"]}}],"collection":[{"href":"https:\/\/lalupa24.com.ar\/index.php\/wp-json\/wp\/v2\/posts"}],"about":[{"href":"https:\/\/lalupa24.com.ar\/index.php\/wp-json\/wp\/v2\/types\/post"}],"author":[{"embeddable":true,"href":"https:\/\/lalupa24.com.ar\/index.php\/wp-json\/wp\/v2\/users\/2"}],"replies":[{"embeddable":true,"href":"https:\/\/lalupa24.com.ar\/index.php\/wp-json\/wp\/v2\/comments?post=4370"}],"version-history":[{"count":1,"href":"https:\/\/lalupa24.com.ar\/index.php\/wp-json\/wp\/v2\/posts\/4370\/revisions"}],"predecessor-version":[{"id":4375,"href":"https:\/\/lalupa24.com.ar\/index.php\/wp-json\/wp\/v2\/posts\/4370\/revisions\/4375"}],"wp:featuredmedia":[{"embeddable":true,"href":"https:\/\/lalupa24.com.ar\/index.php\/wp-json\/wp\/v2\/media\/4374"}],"wp:attachment":[{"href":"https:\/\/lalupa24.com.ar\/index.php\/wp-json\/wp\/v2\/media?parent=4370"}],"wp:term":[{"taxonomy":"category","embeddable":true,"href":"https:\/\/lalupa24.com.ar\/index.php\/wp-json\/wp\/v2\/categories?post=4370"},{"taxonomy":"post_tag","embeddable":true,"href":"https:\/\/lalupa24.com.ar\/index.php\/wp-json\/wp\/v2\/tags?post=4370"}],"curies":[{"name":"wp","href":"https:\/\/api.w.org\/{rel}","templated":true}]}}