{"id":4373,"date":"2025-02-27T15:56:27","date_gmt":"2025-02-27T18:56:27","guid":{"rendered":"https:\/\/lalupa24.com.ar\/?p=4373"},"modified":"2025-02-27T15:56:28","modified_gmt":"2025-02-27T18:56:28","slug":"fernando-carbajal-cuestiono-a-la-corte-suprema-por-tomar-juramento-a-garcia-mansilla-designado-por-decreto","status":"publish","type":"post","link":"https:\/\/lalupa24.com.ar\/index.php\/2025\/02\/27\/fernando-carbajal-cuestiono-a-la-corte-suprema-por-tomar-juramento-a-garcia-mansilla-designado-por-decreto\/","title":{"rendered":"Fernando Carbajal cuestion\u00f3 a la Corte Suprema por tomar juramento a Garc\u00eda-Mansilla, designado por decreto"},"content":{"rendered":"\n<p>El ex juez federal y diputado de Democracia para Siempre, Fernando Carbajal, se quej\u00f3 hoy de que la Corte Suprema haya tomado juramento a Manuel Garc\u00eda-Mansilla, y renov\u00f3 su pedido para que se frente la designaci\u00f3n de Ariel Lijo.<\/p>\n\n\n\n<p>El legislador radical -responde a Facundo Manes y Mart\u00edn Lousteau- hab\u00eda pedido al presidente del alto tribunal Horacio Rosatti que no tome juramento a Garc\u00eda-Mansilla y Lijo, debido a que fueron designados por decreto.<\/p>\n\n\n\n<p>&#8220;Solicitamos a la Corte que no tome juramento a Lijo y Garc\u00eda- Mansilla. No fuimos escuchados&#8221;, se quej\u00f3 Carbajal, en una publicaci\u00f3n que realiz\u00f3 en la red social X.&nbsp;<\/p>\n\n\n\n<p>El ex juez se\u00f1al\u00f3 que Garc\u00eda-Mansilla &#8220;empez\u00f3 mal ya que regal\u00f3 su proclamada honestidad. Dijo que designar jueces en comisi\u00f3n estaba mal&#8221; y subray\u00f3 que espera &#8220;que se frene la designaci\u00f3n de Lijo&#8221;.&nbsp;<\/p>\n\n\n\n<p>En la nota presentada ante la Corte, el bloque de Democracia para Siempre pidi\u00f3 a Rosatti que &#8220;no tome juramento a Ariel Lijo y Manuel Garc\u00eda-Mansilla hasta que sus pliegos sean aprobados por el Senado nacional&#8221;,.&nbsp;&nbsp;<\/p>\n\n\n\n<p>&#8220;Los firmantes, en ejercicio del cargo de representaci\u00f3n pol\u00edtica que ejercemos como Diputados de la Naci\u00f3n y en salvaguarda del orden republicano y el estado de derecho constitucional, venimos por este acto a solicitar a la Corte Suprema rechace la designaci\u00f3n realizada por el Poder Ejecutivo Nacional de dos jueces de esa Corte en comisi\u00f3n en ejercicio abusivo de las facultades presidenciales, causando un conflicto de poderes de imprevisibles consecuencias y de da\u00f1o enorme al debido funcionamiento institucional&#8221;.&nbsp;&nbsp;<\/p>\n\n\n\n<p>Adem\u00e1s de Carbajal firman la nota sus pares de bloque Pablo Juliano, Jorge Rizzoti, Manuel Aguirre, M\u00f3nica Coli y de Encuentro Federal Margarita Stolbizer y Ricardo L\u00f3pez Murphy.<\/p>\n","protected":false},"excerpt":{"rendered":"<p>El ex juez federal y diputado de Democracia para Siempre, Fernando Carbajal, se quej\u00f3 hoy de que la Corte Suprema haya tomado juramento a Manuel Garc\u00eda-Mansilla, y renov\u00f3 su pedido para que se frente la designaci\u00f3n de Ariel Lijo. El legislador radical -responde a Facundo Manes y Mart\u00edn Lousteau- hab\u00eda pedido al presidente del alto [&hellip;]<\/p>\n","protected":false},"author":11,"featured_media":4376,"comment_status":"open","ping_status":"open","sticky":false,"template":"","format":"standard","meta":{"footnotes":""},"categories":[26],"tags":[],"class_list":{"0":"post-4373","1":"post","2":"type-post","3":"status-publish","4":"format-standard","5":"has-post-thumbnail","7":"category-nacionales"},"aioseo_notices":[],"_links":{"self":[{"href":"https:\/\/lalupa24.com.ar\/index.php\/wp-json\/wp\/v2\/posts\/4373","targetHints":{"allow":["GET"]}}],"collection":[{"href":"https:\/\/lalupa24.com.ar\/index.php\/wp-json\/wp\/v2\/posts"}],"about":[{"href":"https:\/\/lalupa24.com.ar\/index.php\/wp-json\/wp\/v2\/types\/post"}],"author":[{"embeddable":true,"href":"https:\/\/lalupa24.com.ar\/index.php\/wp-json\/wp\/v2\/users\/11"}],"replies":[{"embeddable":true,"href":"https:\/\/lalupa24.com.ar\/index.php\/wp-json\/wp\/v2\/comments?post=4373"}],"version-history":[{"count":1,"href":"https:\/\/lalupa24.com.ar\/index.php\/wp-json\/wp\/v2\/posts\/4373\/revisions"}],"predecessor-version":[{"id":4377,"href":"https:\/\/lalupa24.com.ar\/index.php\/wp-json\/wp\/v2\/posts\/4373\/revisions\/4377"}],"wp:featuredmedia":[{"embeddable":true,"href":"https:\/\/lalupa24.com.ar\/index.php\/wp-json\/wp\/v2\/media\/4376"}],"wp:attachment":[{"href":"https:\/\/lalupa24.com.ar\/index.php\/wp-json\/wp\/v2\/media?parent=4373"}],"wp:term":[{"taxonomy":"category","embeddable":true,"href":"https:\/\/lalupa24.com.ar\/index.php\/wp-json\/wp\/v2\/categories?post=4373"},{"taxonomy":"post_tag","embeddable":true,"href":"https:\/\/lalupa24.com.ar\/index.php\/wp-json\/wp\/v2\/tags?post=4373"}],"curies":[{"name":"wp","href":"https:\/\/api.w.org\/{rel}","templated":true}]}}