{"id":4382,"date":"2025-02-27T16:18:14","date_gmt":"2025-02-27T19:18:14","guid":{"rendered":"https:\/\/lalupa24.com.ar\/?p=4382"},"modified":"2025-02-27T16:18:15","modified_gmt":"2025-02-27T19:18:15","slug":"rechazo-por-los-terminos-utilizados-por-el-gobierno-para-referirse-a-la-discapacidad","status":"publish","type":"post","link":"https:\/\/lalupa24.com.ar\/index.php\/2025\/02\/27\/rechazo-por-los-terminos-utilizados-por-el-gobierno-para-referirse-a-la-discapacidad\/","title":{"rendered":"Rechazo por los t\u00e9rminos utilizados por el Gobierno para referirse a la discapacidad"},"content":{"rendered":"\n<p>Una resoluci\u00f3n de la Agencia de Discapacidad contempla los t\u00e9rminos &#8220;idiota&#8221;, &#8220;imb\u00e9cil&#8221; y &#8220;d\u00e9bil mental&#8221;. El rechazo de los legisladores.<\/p>\n\n\n\n<p>Legisladores de la oposici\u00f3n se sumaron al rechazo que organizaciones y familias que trabajan con la discapacidad levantaron contra una resoluci\u00f3n de la Agencia Nacional de Discapacidad (ANDIS) en la que se reincorporan t\u00e9rminos como &#8220;idiota&#8221;, &#8220;imb\u00e9cil&#8221; y &#8220;d\u00e9bil mental&#8221; para referirse a personas con discapacidad intelectual.<\/p>\n\n\n\n<p>Se trata del anexo de la resoluci\u00f3n 187\/25, publicada en el Bolet\u00edn Oficial el pasado 16 de enero, donde el organismo estableci\u00f3 el Baremo para la evaluaci\u00f3n m\u00e9dica de invalidez de las pensiones no contributivas por invalidez laboral.<\/p>\n\n\n\n<p>&#8220;La resoluci\u00f3n 187 del Gobierno incluye conceptos como &#8216;idiota&#8217;, &#8216;imb\u00e9cil&#8217; y &#8216;d\u00e9bil mental&#8217; para evaluar las pensiones por discapacidad. Atrasan 200 a\u00f1os. Son ignorantes, son perversos o las dos cosas a la vez. Present\u00e9 un proyecto de ley para derogarlo&#8221;, escribi\u00f3 en su cuenta de X el diputado Daniel Arroyo (UP), presidente de la Comisi\u00f3n de Discapacidad de la C\u00e1mara baja.<\/p>\n\n\n\n<p>Adem\u00e1s, a trav\u00e9s de un video evalu\u00f3 &#8220;tres opciones&#8221; ante tal medida: &#8220;O son ignorantes, no tienen la m\u00e1s p\u00e1lida idea de lo que est\u00e1n haciendo en la ANDIS. En segundo lugar, son perversos, quieren lastimar y a partir de ah\u00ed buscar un ajuste y lastimar a las personas. O la tercera opci\u00f3n, son ignorantes y perversos&#8221;. &#8220;Si alguien tiene un poquito de humanidad en el Gobierno deber\u00eda estar ya yendo para atr\u00e1s&#8221;, agreg\u00f3.<\/p>\n\n\n\n<p>Por su parte, la senadora Luc\u00eda Corpacci (UP) se\u00f1al\u00f3 que en &#8220;un nuevo acto de desprecio hacia el otro, a los que nos tiene acostumbrado el gobierno de Milei, se plasma al fijar las condiciones para el otorgamiento de las pensiones de invalidez cuando en el art\u00edculo 13 de la normativa califica a las discapacidades mentales como idiota, imb\u00e9cil y d\u00e9bil mental; estas expresiones vertidas en la resoluci\u00f3n 187\/25 constituyen un acto de violencia institucional que va en contra de los tratados internacionales sobre derechos humanos que tienen jerarqu\u00eda constitucional en nuestro pa\u00eds, favoreciendo los estereotipos, prejuicios y malas pr\u00e1cticas para con las personas con discapacidad&#8221;.<\/p>\n\n\n\n<p>La titular de la Comisi\u00f3n de Salud del Senado asegur\u00f3 que &#8220;los t\u00e9rminos utilizados por el gobierno son retr\u00f3grados, nos atrasan en el tiempo y nos llevan a un modelo que no reconoce a la persona con discapacidad como un sujeto de derecho en igualdad de condiciones, dejando de lado la terminolog\u00eda respetuosa y cient\u00edfica que se ven\u00eda implementando hasta la actualidad, en donde se calificaba como Discapacidad Intelectual Leve, Moderada, Grave y Profunda&#8221;.<\/p>\n\n\n\n<p>&#8220;Exigimos la derogaci\u00f3n de esta resoluci\u00f3n y el respeto a los derechos y a la dignidad de las personas con discapacidad y sus familias&#8221;, complet\u00f3 la catamarque\u00f1a.<\/p>\n\n\n\n<p>En tanto, el diputado Nicol\u00e1s Del Ca\u00f1o (FIT) reclam\u00f3: &#8220;Basta de estigmatizar y discriminar a las personas con discapacidad. Alertamos sobre el contenido de la resoluci\u00f3n 187\/25 que atenta nuevamente contra los derechos de las personas con discapacidad y pretende establecer nuevos &#8216;viejos&#8217; criterios para acceder a las pensiones, con definiciones restrictivas y discriminatorias&#8221;.<\/p>\n\n\n\n<p>&#8220;Vamos a presentar en el Congreso un proyecto para rechazarla, y seguiremos acompa\u00f1ando los reclamos y las demandas de las personas con discapacidad y sus familias&#8221;, anticip\u00f3 el legislador.<\/p>\n\n\n\n<p>El senador Mariano Recalde (UP) consider\u00f3 que &#8220;la discriminaci\u00f3n del Gobierno a las personas con discapacidad es indignante e inaceptable. Todo para seguir ajustando a los que m\u00e1s necesitan! O tambi\u00e9n son la casta?&#8221;. &#8220;La crueldad es la antesala de la motosierra y hoy cruzaron un l\u00edmite. Ya nadie puede decir que al presidente hay que darle herramientas. Hay que ponerle un freno&#8221;, enfatiz\u00f3.<\/p>\n\n\n\n<p>&#8220;IGNORANCIA Y CRUELDAD. La nueva normativa de la Agencia Nacional de Discapacidad reincorpora terminolog\u00eda obsoleta y degradante como &#8216;idiota&#8217;, &#8216;imb\u00e9cil&#8217; y &#8216;retardado mental&#8217; en la evaluaci\u00f3n de personas con discapacidad intelectual para otorgar las pensiones no contributivas&#8221;, fue el mensaje de diputada Natalia De la Sota .<\/p>\n","protected":false},"excerpt":{"rendered":"<p>Una resoluci\u00f3n de la Agencia de Discapacidad contempla los t\u00e9rminos &#8220;idiota&#8221;, &#8220;imb\u00e9cil&#8221; y &#8220;d\u00e9bil mental&#8221;. El rechazo de los legisladores. Legisladores de la oposici\u00f3n se sumaron al rechazo que organizaciones y familias que trabajan con la discapacidad levantaron contra una resoluci\u00f3n de la Agencia Nacional de Discapacidad (ANDIS) en la que se reincorporan t\u00e9rminos como [&hellip;]<\/p>\n","protected":false},"author":11,"featured_media":4383,"comment_status":"open","ping_status":"open","sticky":false,"template":"","format":"standard","meta":{"footnotes":""},"categories":[26],"tags":[],"class_list":{"0":"post-4382","1":"post","2":"type-post","3":"status-publish","4":"format-standard","5":"has-post-thumbnail","7":"category-nacionales"},"aioseo_notices":[],"_links":{"self":[{"href":"https:\/\/lalupa24.com.ar\/index.php\/wp-json\/wp\/v2\/posts\/4382","targetHints":{"allow":["GET"]}}],"collection":[{"href":"https:\/\/lalupa24.com.ar\/index.php\/wp-json\/wp\/v2\/posts"}],"about":[{"href":"https:\/\/lalupa24.com.ar\/index.php\/wp-json\/wp\/v2\/types\/post"}],"author":[{"embeddable":true,"href":"https:\/\/lalupa24.com.ar\/index.php\/wp-json\/wp\/v2\/users\/11"}],"replies":[{"embeddable":true,"href":"https:\/\/lalupa24.com.ar\/index.php\/wp-json\/wp\/v2\/comments?post=4382"}],"version-history":[{"count":1,"href":"https:\/\/lalupa24.com.ar\/index.php\/wp-json\/wp\/v2\/posts\/4382\/revisions"}],"predecessor-version":[{"id":4384,"href":"https:\/\/lalupa24.com.ar\/index.php\/wp-json\/wp\/v2\/posts\/4382\/revisions\/4384"}],"wp:featuredmedia":[{"embeddable":true,"href":"https:\/\/lalupa24.com.ar\/index.php\/wp-json\/wp\/v2\/media\/4383"}],"wp:attachment":[{"href":"https:\/\/lalupa24.com.ar\/index.php\/wp-json\/wp\/v2\/media?parent=4382"}],"wp:term":[{"taxonomy":"category","embeddable":true,"href":"https:\/\/lalupa24.com.ar\/index.php\/wp-json\/wp\/v2\/categories?post=4382"},{"taxonomy":"post_tag","embeddable":true,"href":"https:\/\/lalupa24.com.ar\/index.php\/wp-json\/wp\/v2\/tags?post=4382"}],"curies":[{"name":"wp","href":"https:\/\/api.w.org\/{rel}","templated":true}]}}