{"id":4385,"date":"2025-02-27T20:14:41","date_gmt":"2025-02-27T23:14:41","guid":{"rendered":"https:\/\/lalupa24.com.ar\/?p=4385"},"modified":"2025-02-27T20:14:43","modified_gmt":"2025-02-27T23:14:43","slug":"red-aprende-15-mil-docentes-de-secundarias-se-capacitan-en-nuevas-formas-de-ensenar-y-de-aprender","status":"publish","type":"post","link":"https:\/\/lalupa24.com.ar\/index.php\/2025\/02\/27\/red-aprende-15-mil-docentes-de-secundarias-se-capacitan-en-nuevas-formas-de-ensenar-y-de-aprender\/","title":{"rendered":"Red aprende: 15 mil docentes de secundarias se\u00a0 capacitan en &#8220;nuevas formas de ense\u00f1ar y de aprender&#8221;"},"content":{"rendered":"\n<p>Este jueves, comenz\u00f3 la propuesta de capacitaci\u00f3n de Red Aprende con la disertaci\u00f3n en vivo de la reconocida formadora docente Laura Lewin, quien de manera muy coloquial plante\u00f3 revisar la escuela secundaria y mejorarla, de acuerdo a lo que demandan los estudiantes de la actualidad. 15 mil docentes del nivel Secundario y sus diferentes modalidades accedieron a esta formaci\u00f3n gratuita y de calidad; m\u00e1s de 600 de manera presencial y el resto desde la virtualidad por streaming.<\/p>\n\n\n\n<p>Este jueves inici\u00f3 la capacitaci\u00f3n docente \u201cNuevas Formas de Ense\u00f1ar y de Aprender\u201d, en el marco del Programa Red Aprende 2024 -2027, que est\u00e1 a cargo de Laura Lewin, reconocida especialista en Educaci\u00f3n con una amplia carrera como traductora de Ingl\u00e9s, quien estuvo de manera presencial en el auditorio del Domo del Centenario de Resistencia interactuando, como es su estilo, con m\u00e1s de 600 docentes de nivel Secundario (y sus diferentes modalidades). En simult\u00e1neo, 15 mil docentes de secundarias con y sin cargo inscriptos (de escuelas com\u00fan, t\u00e9cnica, bachillerato libre para adultos, de educaci\u00f3n permanente de j\u00f3venes y adultos) siguieron la transmisi\u00f3n en vivo por YouTube de la plataforma Somos Futuro.<\/p>\n\n\n\n<p>En la oportunidad, la subsecretaria de Educaci\u00f3n, Isabel Sanchuk, dio la bienvenida a la prestigiosa disertante y a los docentes que se sumaron a esta propuesta de formaci\u00f3n, que se desarrollar\u00e1 durante el a\u00f1o, la cual propone un enfoque renovado en la educaci\u00f3n, no s\u00f3lo de una revisi\u00f3n de las metodolog\u00edas de ense\u00f1anza, sino de un cambio completo en c\u00f3mo se concibe el aprendizaje y el desarrollo del mismo. La misma plantea centrarse en el estudiante, personalizar la educaci\u00f3n, enfatizar habilidades claves y cuidar el bienestar emocional, con el prop\u00f3sito de crear un sistema educativo m\u00e1s inclusivo, efectivo y preparado para enfrentar los desaf\u00edos del futuro.<\/p>\n\n\n\n<p>Sanchuk transmiti\u00f3 el saludo de la ministra Sof\u00eda Naidenof, quien no pudo estar presente. y agradeci\u00f3 a todo el equipo de las direcciones regionales, de niveles y modalidades, de las subsecretar\u00edas y a la ministra, quien \u201cplantea la posibilidad de pensar en una escuela secundaria distinta\u201d y que \u201centre todos debemos transformar la escuela secundaria\u201d. &#8220;Afortunadamente, el gobernador Leandro Zdero se comprometi\u00f3 con esta capacitaci\u00f3n docente, cuando la ministra se lo propuso y, el Gobierno hizo el esfuerzo para que sea factible su desarrollo&#8221;, destac\u00f3.<\/p>\n\n\n\n<p>\u201cSabemos que Laura tiene una trayectoria muy amplia, es conocida internacionalmente, precisamente porque nos habla y nos muestra de una manera diferente algo que nosotros, por all\u00ed, muchas veces no lo podemos ver, y tiene que ver con una escuela secundaria distinta\u201d, expres\u00f3 Sanchuk, a\u00f1adiendo que \u201cmucho se demanda para que podamos ver una escuela secundaria distinta, pero la cuesti\u00f3n es preguntarnos c\u00f3mo, hasta qu\u00e9 punto podemos transformar; y creo que Laura va a poder ir abriendo y despertando chispas para que empecemos a mirar desde otro lugar c\u00f3mo hacerlo\u201d.<\/p>\n\n\n\n<p>\u201cLos chicos lo demandan, la sociedad lo demanda, y s\u00e9 que todos los que estamos en las escuelas secundarias queremos que esto verdaderamente sea as\u00ed\u201d, sostuvo la funcionaria. Esta es la primera instancia de esta capacitaci\u00f3n, que continuar\u00e1 con otras instancias virtuales en el transcurso del a\u00f1o.<\/p>\n\n\n\n<p>Por su parte, Laura Lewin, se manifest\u00f3 &#8220;feliz de haber sido convocada una vez m\u00e1s por el Ministerio de Educaci\u00f3n de Chaco para capacitar a los docentes de secundaria de toda la provincia&#8221; y adelant\u00f3 que en total son siete los talleres planificados para la provincia.&nbsp; &#8220;Ojal\u00e1 los docentes se puedan llevar un mont\u00f3n de ideas y recursos, y que podamos reflexionar todos acerca de c\u00f3mo potenciar el aprendizaje de nuestros alumnos\u201d, manifest\u00f3 la disertante.<\/p>\n\n\n\n<p>La modalidad de cursado de esta formaci\u00f3n prev\u00e9 encuentros virtuales y\/o presenciales con actividades sincr\u00f3nicas y asincr\u00f3nicas, a trav\u00e9s de videoconferencias por meet y retransmitidas por el canal de YouTube de Somos Futuro, campus virtual de la Plataforma `ELE`. Este trayecto de formaci\u00f3n, as\u00ed como todos los que se desarrollar\u00e1n el ciclo escolar 2025, garantiza los tres puntos como establece el Estatuto del Docente. La inscripci\u00f3n de los docentes se realiza mediante la automatriculaci\u00f3n en la plataforma `ELE`.<\/p>\n\n\n\n<p>Acompa\u00f1aron el comienzo de esta capacitaci\u00f3n las subsecretarias de Descentralizaci\u00f3n Educativa, Marta Fassano, de Ciencia y Tecnolog\u00eda, Claudia Pilar, de Coordinaci\u00f3n Presupuestaria y Financiera, Bel\u00e9n Pel\u00e1ez Alcal\u00e1; la directora de Nivel Secundario, Elizabeth Salto; las directoras generales de las distintas \u00e1reas, directoras de niveles y modalidades y directores regionales del Ministerio de Educaci\u00f3n.<\/p>\n","protected":false},"excerpt":{"rendered":"<p>Este jueves, comenz\u00f3 la propuesta de capacitaci\u00f3n de Red Aprende con la disertaci\u00f3n en vivo de la reconocida formadora docente Laura Lewin, quien de manera muy coloquial plante\u00f3 revisar la escuela secundaria y mejorarla, de acuerdo a lo que demandan los estudiantes de la actualidad. 15 mil docentes del nivel Secundario y sus diferentes modalidades [&hellip;]<\/p>\n","protected":false},"author":2,"featured_media":4386,"comment_status":"open","ping_status":"open","sticky":false,"template":"","format":"standard","meta":{"footnotes":""},"categories":[28],"tags":[],"class_list":{"0":"post-4385","1":"post","2":"type-post","3":"status-publish","4":"format-standard","5":"has-post-thumbnail","7":"category-locales"},"aioseo_notices":[],"_links":{"self":[{"href":"https:\/\/lalupa24.com.ar\/index.php\/wp-json\/wp\/v2\/posts\/4385","targetHints":{"allow":["GET"]}}],"collection":[{"href":"https:\/\/lalupa24.com.ar\/index.php\/wp-json\/wp\/v2\/posts"}],"about":[{"href":"https:\/\/lalupa24.com.ar\/index.php\/wp-json\/wp\/v2\/types\/post"}],"author":[{"embeddable":true,"href":"https:\/\/lalupa24.com.ar\/index.php\/wp-json\/wp\/v2\/users\/2"}],"replies":[{"embeddable":true,"href":"https:\/\/lalupa24.com.ar\/index.php\/wp-json\/wp\/v2\/comments?post=4385"}],"version-history":[{"count":1,"href":"https:\/\/lalupa24.com.ar\/index.php\/wp-json\/wp\/v2\/posts\/4385\/revisions"}],"predecessor-version":[{"id":4387,"href":"https:\/\/lalupa24.com.ar\/index.php\/wp-json\/wp\/v2\/posts\/4385\/revisions\/4387"}],"wp:featuredmedia":[{"embeddable":true,"href":"https:\/\/lalupa24.com.ar\/index.php\/wp-json\/wp\/v2\/media\/4386"}],"wp:attachment":[{"href":"https:\/\/lalupa24.com.ar\/index.php\/wp-json\/wp\/v2\/media?parent=4385"}],"wp:term":[{"taxonomy":"category","embeddable":true,"href":"https:\/\/lalupa24.com.ar\/index.php\/wp-json\/wp\/v2\/categories?post=4385"},{"taxonomy":"post_tag","embeddable":true,"href":"https:\/\/lalupa24.com.ar\/index.php\/wp-json\/wp\/v2\/tags?post=4385"}],"curies":[{"name":"wp","href":"https:\/\/api.w.org\/{rel}","templated":true}]}}