{"id":4389,"date":"2025-02-27T20:43:08","date_gmt":"2025-02-27T23:43:08","guid":{"rendered":"https:\/\/lalupa24.com.ar\/?p=4389"},"modified":"2025-02-27T20:43:09","modified_gmt":"2025-02-27T23:43:09","slug":"el-instituto-del-deporte-realizo-el-cierre-de-la-colonia-de-vacaciones-para-adultos-mayores","status":"publish","type":"post","link":"https:\/\/lalupa24.com.ar\/index.php\/2025\/02\/27\/el-instituto-del-deporte-realizo-el-cierre-de-la-colonia-de-vacaciones-para-adultos-mayores\/","title":{"rendered":"El Instituto del Deporte realiz\u00f3 el cierre de la colonia de vacaciones para adultos mayores"},"content":{"rendered":"\n<p>En el Jaime Zapata, se realiz\u00f3, esta tarde, el cierre de la Colonia con una muestra de ritmos, gimnasia y otras actividades que se realizaron en los meses de enero y febrero. Este viernes 7, se realizar\u00e1 un Fog\u00f3n para convocar a adultos mayores de distintas localidades de la provincia.<\/p>\n\n\n\n<p>El vicepresidente del Instituto del Deporte Chaque\u00f1o (IDCH) Gabriel Pellegrini, junto al subsecretario de Ni\u00f1ez, Adolescencia, Familia y Adultos Mayores, Fernando Samudio encabezaron, este jueves,&nbsp; el cierre de temporada de la Colonia de Vacaciones para Adultos Mayores, en el Polideportivo \u201cJaime Zapata\u201d. Durante el cierre, hubo muestras de las actividades que se realizaron durante los meses de enero y febrero y en este marco, anunciaron la realizaci\u00f3n del \u201cFog\u00f3n de Adultos Mayores\u201d, que se llevar\u00e1 adelante el pr\u00f3ximo viernes y contar\u00e1 con la participaci\u00f3n de distintas localidades de la provincia.&nbsp;&nbsp;<\/p>\n\n\n\n<p>Pellegrini, expres\u00f3 su alegr\u00eda por el \u201c\u00e9xito de esta colonia y del acompa\u00f1amiento de los adultos mayores que vinieron a disfrutarla\u201d, dijo, sobre esta actividad llevada adelante por el IDCH a trav\u00e9s del Departamento de Actividad F\u00edsica y Salud y a la que asistieron m\u00e1s de 1000 personas.&nbsp;<\/p>\n\n\n\n<p>Tras el cierre, el vicepresidente del IDCH se\u00f1al\u00f3 que \u201ceste balance positivo nos da fuerzas para seguir mejorando d\u00eda a d\u00eda en todo lo que ofrecemos a la gente, no solo a los adultos mayores sino que trabajando por toda la comunidad que diariamente nos manifesta su agradecimiento\u201d, afirm\u00f3.&nbsp;&nbsp;<\/p>\n\n\n\n<p>Durante el show de cierre, hubo muestras de ritmos adaptados, gimnasia neuromuscular, expresi\u00f3n corporal y con un cierre folcl\u00f3rico que estuvo a cargo de los alumnos de Adultos Mayores Activos, (AMA),&nbsp; pertenecientes a la instituci\u00f3n.<\/p>\n\n\n\n<p>A su turno, el subsecretario Samudio celebr\u00f3 este gran cierre de la Colonia e invit\u00f3 a la comunidad a participar del Fog\u00f3n de Despedida de Adultos Mayores que se realizar\u00e1 el 7 de marzo en el play\u00f3n del Jaime Zapata y a la que asistir\u00e1n vecinos de distintas localidades de la provincia y tambi\u00e9n, del que participar\u00e1n distintas \u00e1reas del Gobierno Provincial que trabajan en conjunto con el Instituto del Deporte.&nbsp;<\/p>\n\n\n\n<p>El titular del \u00e1rea de Actividad F\u00edsica y Salud, Rodolfo Godoy, destac\u00f3 la participaci\u00f3n de Adultos Mayores de localidades como Barranqueras, Lapachito, Makall\u00e9, entre otros y que disfrutaron de distintas actividades con profesores id\u00f3neos en la materia. Godoy destac\u00f3 la colaboraci\u00f3n del Gobierno Provincial y del Municipio. \u201cEs un trabajo en articulaci\u00f3n que venimos haciendo desde el Instituto para que los adultos tengan su espacio\u201d dijo.&nbsp;<\/p>\n\n\n\n<p>Por \u00faltimo, Mat\u00edas Rodr\u00edguez, coordinador de la Colonia de Adultos Mayores se\u00f1al\u00f3 que por primera vez esta Colonia fue por la tarde y \u201cnos fue muy bien\u201d y destac\u00f3 la participaci\u00f3n de adultos mayores de distintas localidades de la provincia. \u201cPudieron disfrutar de una colonia, con profesores que hac\u00edan zumba, pileta, baile, actividades f\u00edsicas, entre otras\u201d, dijo e invit\u00f3 a los adultos a participar de las actividades que se realizan en el Jaime Zapata durante todo el a\u00f1o de forma gratuita.<\/p>\n","protected":false},"excerpt":{"rendered":"<p>En el Jaime Zapata, se realiz\u00f3, esta tarde, el cierre de la Colonia con una muestra de ritmos, gimnasia y otras actividades que se realizaron en los meses de enero y febrero. Este viernes 7, se realizar\u00e1 un Fog\u00f3n para convocar a adultos mayores de distintas localidades de la provincia. El vicepresidente del Instituto del [&hellip;]<\/p>\n","protected":false},"author":2,"featured_media":4390,"comment_status":"open","ping_status":"open","sticky":false,"template":"","format":"standard","meta":{"footnotes":""},"categories":[28],"tags":[],"class_list":{"0":"post-4389","1":"post","2":"type-post","3":"status-publish","4":"format-standard","5":"has-post-thumbnail","7":"category-locales"},"aioseo_notices":[],"_links":{"self":[{"href":"https:\/\/lalupa24.com.ar\/index.php\/wp-json\/wp\/v2\/posts\/4389","targetHints":{"allow":["GET"]}}],"collection":[{"href":"https:\/\/lalupa24.com.ar\/index.php\/wp-json\/wp\/v2\/posts"}],"about":[{"href":"https:\/\/lalupa24.com.ar\/index.php\/wp-json\/wp\/v2\/types\/post"}],"author":[{"embeddable":true,"href":"https:\/\/lalupa24.com.ar\/index.php\/wp-json\/wp\/v2\/users\/2"}],"replies":[{"embeddable":true,"href":"https:\/\/lalupa24.com.ar\/index.php\/wp-json\/wp\/v2\/comments?post=4389"}],"version-history":[{"count":1,"href":"https:\/\/lalupa24.com.ar\/index.php\/wp-json\/wp\/v2\/posts\/4389\/revisions"}],"predecessor-version":[{"id":4391,"href":"https:\/\/lalupa24.com.ar\/index.php\/wp-json\/wp\/v2\/posts\/4389\/revisions\/4391"}],"wp:featuredmedia":[{"embeddable":true,"href":"https:\/\/lalupa24.com.ar\/index.php\/wp-json\/wp\/v2\/media\/4390"}],"wp:attachment":[{"href":"https:\/\/lalupa24.com.ar\/index.php\/wp-json\/wp\/v2\/media?parent=4389"}],"wp:term":[{"taxonomy":"category","embeddable":true,"href":"https:\/\/lalupa24.com.ar\/index.php\/wp-json\/wp\/v2\/categories?post=4389"},{"taxonomy":"post_tag","embeddable":true,"href":"https:\/\/lalupa24.com.ar\/index.php\/wp-json\/wp\/v2\/tags?post=4389"}],"curies":[{"name":"wp","href":"https:\/\/api.w.org\/{rel}","templated":true}]}}