{"id":4396,"date":"2025-02-28T04:22:58","date_gmt":"2025-02-28T07:22:58","guid":{"rendered":"https:\/\/lalupa24.com.ar\/?p=4396"},"modified":"2025-03-02T04:24:13","modified_gmt":"2025-03-02T07:24:13","slug":"jornada-emprende-rosa","status":"publish","type":"post","link":"https:\/\/lalupa24.com.ar\/index.php\/2025\/02\/28\/jornada-emprende-rosa\/","title":{"rendered":"Jornada emprende rosa"},"content":{"rendered":"\n<p><\/p>\n\n\n\n<p><em>La vicegobernadora Silvana Schneider realiz\u00f3, este viernes, el lanzamiento del programa integral \u201cEmprende Rosa\u201d. Se anunciaron acciones como la Expo Rosa con m\u00e1s de 200 emprendedoras en la Plaza Central, herramientas financieras, crediticias y capacitaciones interactivas para impulsar al ecosistema emprendedor liderado por mujeres.<\/em><\/p>\n\n\n\n<p>La vicegobernadora Silvana Schneider junto al Secretario de Coordinaci\u00f3n de Gabinete, Livio Guti\u00e9rrez, al subsecretario de Emprendedurismo Urbano y Rural, Federico Budi\u00f1o y varios intendentes, realiz\u00f3 este viernes el lanzamiento del programa integral \u201cEmprende Rosa\u201d en el marco de las actividades que se realizar\u00e1n durante marzo en el Mes de la Mujer.<br>Las actividades comenzar\u00e1n este viernes a partir de las 19 Hs en la Plaza 25 de Mayo con la Jornada Emprende Rosa con una expo con m\u00e1s de 200 emprendedores de diversos rubros (gastron\u00f3micas, artesanales, mujeres rurales). \u201cLas mujeres tenemos un potencial extraordinario de empuje, de resiliencia, de ganas de salir adelante y de reinventarse todos los d\u00edas\u201d, dijo la vicegobernadora.<br>En este sentido destac\u00f3 que estas iniciativas forman parte de las pol\u00edticas p\u00fablicas que el gobernador del Chaco Leandro Zdero lleva adelante con el objetivo de impulsar el sector productivo y brindar apoyo a los emprendedores y emprendedoras que buscan avanzar en sus proyectos. \u201cEstamos convencidos de que el desarrollo de nuestro Chaco depende del esfuerzo conjunto del sector productivo y de los trabajadores. Por ello, nos comprometemos a facilitar todas las herramientas necesarias, disponibles hoy para estas emprendedoras\u201d, resalt\u00f3 la vicegobernadora al realizar la presentaci\u00f3n de las Jornadas Emprende Rosa.<br>Participaron del acto de lanzamiento de la jornada Emprende Rosa, la vicegobernadora, Silvana Schneider; el Secretario de Coordinaci\u00f3n de Gabinete, Livio Guti\u00e9rrez; el Subsecretario de Emprendedurismo, Federico Budi\u00f1o; intendentes de Santa Sylvina, Susana Maggio y de Fontana Fernando Cuadra; el secretario de Desarrollo Humano del Municipio de Resistencia, Pablo Mujica y la vicepresidente del Instituto de Cultura, Daniela Vald\u00e9s.<\/p>\n\n\n\n<p><em>Alianzas p\u00fablico-privado para otorgar herramientas crediticias y financieras<\/em><br>En el acto se impulsaron &#8211; a trav\u00e9s de la firma de diferentes convenios &#8211; las alianzas p\u00fablico-privadas que proporcionar\u00e1n herramientas crediticias, capacitaciones y asistencia al crecimiento y desarrollo de los emprendedores de la provincia.<br>El primero de los convenios fue firmado con el Nuevo Banco del Chaco (NBCH) se instrumentar\u00e1 una tarjeta de financiamiento Tuya, destinados a los emprendedores de los rubros de alimentos y bebidas. Estos emprendedores podr\u00e1n financiar los costos de laboratorios para poder obtener sus registros y de esta manera podr\u00e1n aumentar la competitividad y acceder a nuevos mercados.<br>El otro de los convenios fue firmado con el Banco Credicoop, para propiciar el acceso a herramientas crediticias y financieras que apoyen el crecimiento y desarrollo de los emprendedores y de las pymes.<br>Seguidamente , se firm\u00f3 un tercer convenio con Puro Dise\u00f1o Ra\u00edces , para potenciar los dise\u00f1os chaque\u00f1os a nivel regional y as\u00ed promocionar las materias primas aut\u00f3ctonas en diversos puntos del pa\u00eds. En esta l\u00ednea, resaltan que Puro Dise\u00f1o Ra\u00edces proyecta generar un punto de encuentro con lo mejor del dise\u00f1o de Chaco, como as\u00ed tambi\u00e9n apoyar y estimular la industria del dise\u00f1o desde la provincia -tanto iniciativas privadas y como p\u00fablicas vinculadas al dise\u00f1o- y proporcionar un espacio de oportunidades para nuevos negocios.<br>\u201cTenemos el firme compromiso y la convicci\u00f3n que debemos trabajar juntos, el sector p\u00fablico y el privado, para que a partir de estas herramientas crediticias y financieras poder impulsar el desarrollo productivo de nuestras emprendedoras\u201d, dijo la vicegobernadora Schneider.<\/p>\n\n\n\n<p><em>Impulso y acompa\u00f1amiento para las mujeres emprendedoras<\/em><br>El subsecretario de Emprendedurismo, Federico Budi\u00f1o destac\u00f3 el crecimiento y el impacto de las acciones impulsadas en la gesti\u00f3n del gobernador Leandro Zdero para el desarrollo del emprendedurismo en la provincia. En este sentido , marc\u00f3 como una acci\u00f3n clave el impulso de l\u00edneas de cr\u00e9ditos para mujeres emprendedoras destinadas a mejorar la productividad, crecimiento e innovaci\u00f3n en sus respectivos emprendimientos.<br>\u201cHemos recorrido y visitado m\u00e1s de 50 localidades de la provincia, y logramos identificar las necesidades espec\u00edficas de los emprendedores y emprendedoras. Esto nos impuls\u00f3 a la concepci\u00f3n de un programa integral que aborde de manera efectiva dichas necesidades y fomente el desarrollo del emprendimiento en la regi\u00f3n\u201d, dijo el funcionario.<br>Budi\u00f1o explic\u00f3 que las emprendedoras que han accedido el a\u00f1o pasado a estas l\u00edneas de cr\u00e9dito, y realizado las diferentes capacitaciones, tendr\u00e1n la oportunidad de exponer y promocionar sus productos en la expo que se realizar\u00e1 en la Plaza Central. Y adelant\u00f3 que las emprendedoras que est\u00e1n en la etapa final de su producci\u00f3n tendr\u00e1n la oportunidad de acceder a herramientas de inteligencia artificial, marketing y packaging para sus producciones. \u201cLa idea, es que despu\u00e9s del proceso de financiamiento, capacitaci\u00f3n, promoci\u00f3n y difusi\u00f3n de los productos estos emprendimientos puedan convertirse en peque\u00f1as empresas\u201d, dijo el funcionario.<\/p>\n","protected":false},"excerpt":{"rendered":"<p>La vicegobernadora Silvana Schneider realiz\u00f3, este viernes, el lanzamiento del programa integral \u201cEmprende Rosa\u201d. Se anunciaron acciones como la Expo Rosa con m\u00e1s de 200 emprendedoras en la Plaza Central, herramientas financieras, crediticias y capacitaciones interactivas para impulsar al ecosistema emprendedor liderado por mujeres. La vicegobernadora Silvana Schneider junto al Secretario de Coordinaci\u00f3n de Gabinete, [&hellip;]<\/p>\n","protected":false},"author":2,"featured_media":4397,"comment_status":"open","ping_status":"open","sticky":false,"template":"","format":"standard","meta":{"footnotes":""},"categories":[28],"tags":[],"class_list":{"0":"post-4396","1":"post","2":"type-post","3":"status-publish","4":"format-standard","5":"has-post-thumbnail","7":"category-locales"},"aioseo_notices":[],"_links":{"self":[{"href":"https:\/\/lalupa24.com.ar\/index.php\/wp-json\/wp\/v2\/posts\/4396","targetHints":{"allow":["GET"]}}],"collection":[{"href":"https:\/\/lalupa24.com.ar\/index.php\/wp-json\/wp\/v2\/posts"}],"about":[{"href":"https:\/\/lalupa24.com.ar\/index.php\/wp-json\/wp\/v2\/types\/post"}],"author":[{"embeddable":true,"href":"https:\/\/lalupa24.com.ar\/index.php\/wp-json\/wp\/v2\/users\/2"}],"replies":[{"embeddable":true,"href":"https:\/\/lalupa24.com.ar\/index.php\/wp-json\/wp\/v2\/comments?post=4396"}],"version-history":[{"count":1,"href":"https:\/\/lalupa24.com.ar\/index.php\/wp-json\/wp\/v2\/posts\/4396\/revisions"}],"predecessor-version":[{"id":4398,"href":"https:\/\/lalupa24.com.ar\/index.php\/wp-json\/wp\/v2\/posts\/4396\/revisions\/4398"}],"wp:featuredmedia":[{"embeddable":true,"href":"https:\/\/lalupa24.com.ar\/index.php\/wp-json\/wp\/v2\/media\/4397"}],"wp:attachment":[{"href":"https:\/\/lalupa24.com.ar\/index.php\/wp-json\/wp\/v2\/media?parent=4396"}],"wp:term":[{"taxonomy":"category","embeddable":true,"href":"https:\/\/lalupa24.com.ar\/index.php\/wp-json\/wp\/v2\/categories?post=4396"},{"taxonomy":"post_tag","embeddable":true,"href":"https:\/\/lalupa24.com.ar\/index.php\/wp-json\/wp\/v2\/tags?post=4396"}],"curies":[{"name":"wp","href":"https:\/\/api.w.org\/{rel}","templated":true}]}}