{"id":4402,"date":"2025-02-28T04:27:42","date_gmt":"2025-02-28T07:27:42","guid":{"rendered":"https:\/\/lalupa24.com.ar\/?p=4402"},"modified":"2025-03-02T04:29:38","modified_gmt":"2025-03-02T07:29:38","slug":"el-gobernador-entrego-al-iprodich-un-vehiculo-4x4-para-operativos","status":"publish","type":"post","link":"https:\/\/lalupa24.com.ar\/index.php\/2025\/02\/28\/el-gobernador-entrego-al-iprodich-un-vehiculo-4x4-para-operativos\/","title":{"rendered":"El gobernador entreg\u00f3 al Iprodich un veh\u00edculo 4&#215;4 para operativos"},"content":{"rendered":"\n<p><\/p>\n\n\n\n<p><em>El gobernador Leandro Zdero hizo entrega, este viernes, de un veh\u00edculo al Instituto Provincial para la Inclusi\u00f3n de las Personas con Discapacidad (IPRODICH), que ser\u00e1 destinado a los operativos de asistencia que se realizan en territorio en toda la provincia. El acto se realiz\u00f3 en la sede del IPRODICH, en calle Monteagudo al 1630.<\/em><\/p>\n\n\n\n<p>Junto a la presidenta del Instituto, Ana Mitoire, a la vicepresidente M\u00f3nica Morales, y a la secretaria general de Gobierno, Carolina Meiri\u00f1o, el gobernador destac\u00f3 la importancia de contar con una nueva camioneta 4&#215;4 que se suma al parque automotor de la entidad y posibilitar\u00e1 un traslado m\u00e1s seguro de los trabajadores en territorios de dif\u00edcil transitabilidad. \u201cEntregar este veh\u00edculo es un reconocimiento a la tarea que se viene haciendo desde el Instituto y un llamado a redoblar el esfuerzo para seguir trabajando en este sentido\u201d, destac\u00f3 el mandatario.<br>En ese marco, el mandatario provincial hizo hincapi\u00e9 en el trabajo realizado durante el primer a\u00f1o de gesti\u00f3n: \u201cSe han logrado saldar muchos compromisos asumidos en los a\u00f1os previos, por lo que agradezco a las autoridades, vocales y empleados que aman lo que hacen y ponen mucha pasi\u00f3n en su trabajo\u201d, dijo.<\/p>\n\n\n\n<p>Adem\u00e1s, mencion\u00f3 que el IPRODICH particip\u00f3 de todos los operativos interministeriales que se realizaron en El Impenetrable (18 en el 2024), destac\u00f3 el trabajo en la regularizaci\u00f3n de los certificados \u00fanicos de discapacidad y la entrega de ayudas t\u00e9cnicas. \u201cSe trabaja en la inclusi\u00f3n de las personas que necesitan trabajar, inclusi\u00f3n real, para que las mismas personas con discapacidad sean autogestores. Lo que pretendemos es la independencia de las personas, que sean libres y en esa independencia puedan hacer su vida plena\u201d, cerr\u00f3 el gobernador.<\/p>\n\n\n\n<p>La presidente del IPRODICH, Ana Mitoire, agradeci\u00f3 el nuevo veh\u00edculo que adquirido en forma conjunta entre naci\u00f3n y provincia, y asegur\u00f3: \u201cEra un recurso muy necesario para el recorrido en terreno que tanto nos pide el gobernador\u201d. Asi, destac\u00f3 que es indispensable para la realizaci\u00f3n de los operativos integrales que se realizan con las distintas \u00e1reas del gobierno. \u201cEs un trabajo en red que da mucho resultado, con asesoramiento y entrega de equipamiento a quienes m\u00e1s lo necesiten\u201d, finaliz\u00f3.<\/p>\n","protected":false},"excerpt":{"rendered":"<p>El gobernador Leandro Zdero hizo entrega, este viernes, de un veh\u00edculo al Instituto Provincial para la Inclusi\u00f3n de las Personas con Discapacidad (IPRODICH), que ser\u00e1 destinado a los operativos de asistencia que se realizan en territorio en toda la provincia. El acto se realiz\u00f3 en la sede del IPRODICH, en calle Monteagudo al 1630. Junto [&hellip;]<\/p>\n","protected":false},"author":2,"featured_media":4403,"comment_status":"open","ping_status":"open","sticky":false,"template":"","format":"standard","meta":{"footnotes":""},"categories":[28],"tags":[],"class_list":{"0":"post-4402","1":"post","2":"type-post","3":"status-publish","4":"format-standard","5":"has-post-thumbnail","7":"category-locales"},"aioseo_notices":[],"_links":{"self":[{"href":"https:\/\/lalupa24.com.ar\/index.php\/wp-json\/wp\/v2\/posts\/4402","targetHints":{"allow":["GET"]}}],"collection":[{"href":"https:\/\/lalupa24.com.ar\/index.php\/wp-json\/wp\/v2\/posts"}],"about":[{"href":"https:\/\/lalupa24.com.ar\/index.php\/wp-json\/wp\/v2\/types\/post"}],"author":[{"embeddable":true,"href":"https:\/\/lalupa24.com.ar\/index.php\/wp-json\/wp\/v2\/users\/2"}],"replies":[{"embeddable":true,"href":"https:\/\/lalupa24.com.ar\/index.php\/wp-json\/wp\/v2\/comments?post=4402"}],"version-history":[{"count":1,"href":"https:\/\/lalupa24.com.ar\/index.php\/wp-json\/wp\/v2\/posts\/4402\/revisions"}],"predecessor-version":[{"id":4404,"href":"https:\/\/lalupa24.com.ar\/index.php\/wp-json\/wp\/v2\/posts\/4402\/revisions\/4404"}],"wp:featuredmedia":[{"embeddable":true,"href":"https:\/\/lalupa24.com.ar\/index.php\/wp-json\/wp\/v2\/media\/4403"}],"wp:attachment":[{"href":"https:\/\/lalupa24.com.ar\/index.php\/wp-json\/wp\/v2\/media?parent=4402"}],"wp:term":[{"taxonomy":"category","embeddable":true,"href":"https:\/\/lalupa24.com.ar\/index.php\/wp-json\/wp\/v2\/categories?post=4402"},{"taxonomy":"post_tag","embeddable":true,"href":"https:\/\/lalupa24.com.ar\/index.php\/wp-json\/wp\/v2\/tags?post=4402"}],"curies":[{"name":"wp","href":"https:\/\/api.w.org\/{rel}","templated":true}]}}