{"id":4408,"date":"2025-03-01T04:34:22","date_gmt":"2025-03-01T07:34:22","guid":{"rendered":"https:\/\/lalupa24.com.ar\/?p=4408"},"modified":"2025-03-02T04:37:54","modified_gmt":"2025-03-02T07:37:54","slug":"nikisch-tenemos-un-gobernador-preparado-para-los-proximos-anos","status":"publish","type":"post","link":"https:\/\/lalupa24.com.ar\/index.php\/2025\/03\/01\/nikisch-tenemos-un-gobernador-preparado-para-los-proximos-anos\/","title":{"rendered":"Nikisch \u201ctenemos un gobernador preparado para los pr\u00f3ximos a\u00f1os\u201d"},"content":{"rendered":"\n<p><\/p>\n\n\n\n<p>El intendente de Resistencia, Roy Nikisch, destac\u00f3 el mensaje del gobernador Leandro Zdero, en ocasi\u00f3n de la apertura de sesiones legislativas de la provincia. El jefe comunal elogi\u00f3 \u201cla visi\u00f3n de futuro, marcando objetivos cortos, medianos y a largo plazo, muchos que ya los llev\u00f3 a la pr\u00e1ctica\u201d.<\/p>\n\n\n\n<p>\u201cSe percibe un cambio en la historia, eso es lo m\u00e1s sustancial del mensaje, saber que tenemos un gobernador preparado para los pr\u00f3ximos a\u00f1os\u201d.<\/p>\n\n\n\n<p>\u201cHablo de transparencia, algo muy sentida por la sociedad, con la necesidad imperiosa de ella y de haber logrado incrementos salariales, a\u00fan a sabiendas que la caja sigue con dificultades\u201d, observ\u00f3.<\/p>\n\n\n\n<p>A modo de comparaci\u00f3n, Nikisch dijo que \u201ctenemos un buen conductor de F\u00f3rmula Uno, y lo m\u00e1s importante es que cumplimos los compromisos\u201d.<\/p>\n\n\n\n<p>En tal sentido, se\u00f1al\u00f3 que \u201cla sociedad de Resistencia reclamaba por el distanciamiento debido a las peleas entre la Provincia y el Municipio de gestiones anteriores, provocaba debilidad y contratiempo\u201d.<\/p>\n\n\n\n<p>Y en tal sentido, diferenci\u00f3 que en esta gesti\u00f3n \u201cnos llevamos muy bien con todos los estamentos de la provincia, hay un compromiso muy fuerte y una buena se\u00f1al que estamos dando resultados concretos a la comunidad\u201d.<\/p>\n","protected":false},"excerpt":{"rendered":"<p>El intendente de Resistencia, Roy Nikisch, destac\u00f3 el mensaje del gobernador Leandro Zdero, en ocasi\u00f3n de la apertura de sesiones legislativas de la provincia. El jefe comunal elogi\u00f3 \u201cla visi\u00f3n de futuro, marcando objetivos cortos, medianos y a largo plazo, muchos que ya los llev\u00f3 a la pr\u00e1ctica\u201d. \u201cSe percibe un cambio en la historia, [&hellip;]<\/p>\n","protected":false},"author":2,"featured_media":4409,"comment_status":"open","ping_status":"open","sticky":false,"template":"","format":"standard","meta":{"footnotes":""},"categories":[28],"tags":[],"class_list":{"0":"post-4408","1":"post","2":"type-post","3":"status-publish","4":"format-standard","5":"has-post-thumbnail","7":"category-locales"},"aioseo_notices":[],"_links":{"self":[{"href":"https:\/\/lalupa24.com.ar\/index.php\/wp-json\/wp\/v2\/posts\/4408","targetHints":{"allow":["GET"]}}],"collection":[{"href":"https:\/\/lalupa24.com.ar\/index.php\/wp-json\/wp\/v2\/posts"}],"about":[{"href":"https:\/\/lalupa24.com.ar\/index.php\/wp-json\/wp\/v2\/types\/post"}],"author":[{"embeddable":true,"href":"https:\/\/lalupa24.com.ar\/index.php\/wp-json\/wp\/v2\/users\/2"}],"replies":[{"embeddable":true,"href":"https:\/\/lalupa24.com.ar\/index.php\/wp-json\/wp\/v2\/comments?post=4408"}],"version-history":[{"count":1,"href":"https:\/\/lalupa24.com.ar\/index.php\/wp-json\/wp\/v2\/posts\/4408\/revisions"}],"predecessor-version":[{"id":4410,"href":"https:\/\/lalupa24.com.ar\/index.php\/wp-json\/wp\/v2\/posts\/4408\/revisions\/4410"}],"wp:featuredmedia":[{"embeddable":true,"href":"https:\/\/lalupa24.com.ar\/index.php\/wp-json\/wp\/v2\/media\/4409"}],"wp:attachment":[{"href":"https:\/\/lalupa24.com.ar\/index.php\/wp-json\/wp\/v2\/media?parent=4408"}],"wp:term":[{"taxonomy":"category","embeddable":true,"href":"https:\/\/lalupa24.com.ar\/index.php\/wp-json\/wp\/v2\/categories?post=4408"},{"taxonomy":"post_tag","embeddable":true,"href":"https:\/\/lalupa24.com.ar\/index.php\/wp-json\/wp\/v2\/tags?post=4408"}],"curies":[{"name":"wp","href":"https:\/\/api.w.org\/{rel}","templated":true}]}}