{"id":4411,"date":"2025-03-01T04:38:00","date_gmt":"2025-03-01T07:38:00","guid":{"rendered":"https:\/\/lalupa24.com.ar\/?p=4411"},"modified":"2025-03-02T04:41:37","modified_gmt":"2025-03-02T07:41:37","slug":"luego-del-exito-del-viernes-hoy-habra-mas-exposiciones-en-la-plaza-25-de-mayo","status":"publish","type":"post","link":"https:\/\/lalupa24.com.ar\/index.php\/2025\/03\/01\/luego-del-exito-del-viernes-hoy-habra-mas-exposiciones-en-la-plaza-25-de-mayo\/","title":{"rendered":"Luego del \u00e9xito del viernes, hoy habr\u00e1 m\u00e1s exposici\u00f3nes en la plaza 25 de Mayo"},"content":{"rendered":"\n<p><\/p>\n\n\n\n<p>La Expo Rosa, del programa \u201cEmprende Rosa\u201d continuar\u00e1 esta tarde en la Plaza 25 de Mayo. Luego del \u00e9xito del viernes, la propuesta es continuar hoy de 19 a 22 horas con m\u00e1s de 200 emprendedoras exponiendo y comercializando sus productos. Para el cierre de esta jornada est\u00e1 prevista la presentaci\u00f3n del d\u00fao Acuarela.<\/p>\n\n\n\n<p>Esta iniciativa conjunta de la Provincia y el Municipio de Resistencia fue muy bien aceptada por la gente, que de manera masiva se congreg\u00f3 en la Plaza Central.<\/p>\n\n\n\n<p>La vicegobernadora del Chaco, Silvana Schneider, dijo al respecto que \u201cestoy muy contenta, tomando contacto con los productores\u201d<br>.<br>\u201cHay una gran calidad y calidez en la atenci\u00f3n, todos productos chaque\u00f1os\u201d, agreg\u00f3.<\/p>\n\n\n\n<p>Mientras que Ana Navarro, una emprendedora de juguetes artesanales en impresi\u00f3n 3D, se\u00f1al\u00f3 que \u201ces una experiencia muy fruct\u00edfera, adem\u00e1s nos encontramos muchas colegas\u201d.<\/p>\n\n\n\n<p>\u201cHay futuro con esto \u2013 asever\u00f3 -, tenemos muchas cosas por explotar y crecer, adem\u00e1s tuvimos una capacitaci\u00f3n muy buena, nos brindaron herramientas que necesit\u00e1bamos para aplicar a nuestras actividades\u201d.<\/p>\n\n\n\n<p>Federico Budi\u00f1o, subsecretario de Emprendedurismo Urbano y Rural de la provincia, manifest\u00f3 que \u201cm\u00e1s de 200 emprendedores est\u00e1n en la plaza, muchos que accedieron a los cr\u00e9ditos Emprende Rosa brindado el a\u00f1o pasado y ahora mostrando sus productos\u201d.<\/p>\n\n\n\n<p>Por su parte, el secretario de Desarrollo Humano, Pablo Mujica, expres\u00f3: \u201cEs una feria muy importante, es la segunda edici\u00f3n que permite la comercializaci\u00f3n directa, adem\u00e1s de brindarles herramientas para el financiamiento y capacitaci\u00f3n a emprendedores\u201d.<\/p>\n","protected":false},"excerpt":{"rendered":"<p>La Expo Rosa, del programa \u201cEmprende Rosa\u201d continuar\u00e1 esta tarde en la Plaza 25 de Mayo. Luego del \u00e9xito del viernes, la propuesta es continuar hoy de 19 a 22 horas con m\u00e1s de 200 emprendedoras exponiendo y comercializando sus productos. Para el cierre de esta jornada est\u00e1 prevista la presentaci\u00f3n del d\u00fao Acuarela. Esta [&hellip;]<\/p>\n","protected":false},"author":2,"featured_media":4412,"comment_status":"open","ping_status":"open","sticky":false,"template":"","format":"standard","meta":{"footnotes":""},"categories":[28],"tags":[],"class_list":{"0":"post-4411","1":"post","2":"type-post","3":"status-publish","4":"format-standard","5":"has-post-thumbnail","7":"category-locales"},"aioseo_notices":[],"_links":{"self":[{"href":"https:\/\/lalupa24.com.ar\/index.php\/wp-json\/wp\/v2\/posts\/4411","targetHints":{"allow":["GET"]}}],"collection":[{"href":"https:\/\/lalupa24.com.ar\/index.php\/wp-json\/wp\/v2\/posts"}],"about":[{"href":"https:\/\/lalupa24.com.ar\/index.php\/wp-json\/wp\/v2\/types\/post"}],"author":[{"embeddable":true,"href":"https:\/\/lalupa24.com.ar\/index.php\/wp-json\/wp\/v2\/users\/2"}],"replies":[{"embeddable":true,"href":"https:\/\/lalupa24.com.ar\/index.php\/wp-json\/wp\/v2\/comments?post=4411"}],"version-history":[{"count":1,"href":"https:\/\/lalupa24.com.ar\/index.php\/wp-json\/wp\/v2\/posts\/4411\/revisions"}],"predecessor-version":[{"id":4413,"href":"https:\/\/lalupa24.com.ar\/index.php\/wp-json\/wp\/v2\/posts\/4411\/revisions\/4413"}],"wp:featuredmedia":[{"embeddable":true,"href":"https:\/\/lalupa24.com.ar\/index.php\/wp-json\/wp\/v2\/media\/4412"}],"wp:attachment":[{"href":"https:\/\/lalupa24.com.ar\/index.php\/wp-json\/wp\/v2\/media?parent=4411"}],"wp:term":[{"taxonomy":"category","embeddable":true,"href":"https:\/\/lalupa24.com.ar\/index.php\/wp-json\/wp\/v2\/categories?post=4411"},{"taxonomy":"post_tag","embeddable":true,"href":"https:\/\/lalupa24.com.ar\/index.php\/wp-json\/wp\/v2\/tags?post=4411"}],"curies":[{"name":"wp","href":"https:\/\/api.w.org\/{rel}","templated":true}]}}