{"id":443,"date":"2024-03-07T16:40:34","date_gmt":"2024-03-07T19:40:34","guid":{"rendered":"https:\/\/lalupa24.com.ar\/?p=443"},"modified":"2024-03-07T16:40:34","modified_gmt":"2024-03-07T19:40:34","slug":"el-ejecutivo-provincial-demanda-mas-juzgados-del-menor-y-la-familia","status":"publish","type":"post","link":"https:\/\/lalupa24.com.ar\/index.php\/2024\/03\/07\/el-ejecutivo-provincial-demanda-mas-juzgados-del-menor-y-la-familia\/","title":{"rendered":"EL EJECUTIVO PROVINCIAL DEMANDA MAS JUZGADOS DEL MENOR Y LA FAMILIA"},"content":{"rendered":"\n<p>El ministro de Gobierno, Jorge G\u00f3mez, present\u00f3 en horas de la ma\u00f1ana &nbsp;ante la C\u00e1mara de Diputados un proyecto de ley propiciando la creaci\u00f3n de los Juzgados de Ni\u00f1ez, Adolescencia y Familia en las Ciudades de Resistencia y Presidencia Roque S\u00e1enz Pe\u00f1a.&nbsp;<\/p>\n\n\n\n<p>&nbsp;La creaci\u00f3n de los mencionados juzgados obedece a un reclamo de la comunidad que necesita mejorar su acceso a la justicia y la celeridad en la resoluci\u00f3n de las causas. Esto es pedido expreso del gobernador Leandro Zdero que de esta manera se busca &nbsp;dar soluciones a las demandas y celeridad a temas tan sensibles como son los que involucran a los menores y a las familias y que hace tiempo vienen reclamando los chaque\u00f1os remarco G\u00f3mez.<\/p>\n\n\n\n<p>El funcionario provincial remarco que \u201cFrente a la demanda de la sociedad, el Poder Judicial no puede ser ajeno, y debe mostrar un claro posicionamiento, por lo que se solicita la creaci\u00f3n de sendos Juzgados tanto en la ciudad de Resistencia como en Presidencia Roque S\u00e1enz Pe\u00f1a y poder avanzar en las causas que hoy preocupan mucho a nuestra sociedad\u201d.<\/p>\n","protected":false},"excerpt":{"rendered":"<p>El ministro de Gobierno, Jorge G\u00f3mez, present\u00f3 en horas de la ma\u00f1ana &nbsp;ante la C\u00e1mara de Diputados un proyecto de ley propiciando la creaci\u00f3n de los Juzgados de Ni\u00f1ez, Adolescencia y Familia en las Ciudades de Resistencia y Presidencia Roque S\u00e1enz Pe\u00f1a.&nbsp; &nbsp;La creaci\u00f3n de los mencionados juzgados obedece a un reclamo de la comunidad [&hellip;]<\/p>\n","protected":false},"author":2,"featured_media":444,"comment_status":"open","ping_status":"open","sticky":false,"template":"","format":"standard","meta":{"footnotes":""},"categories":[28],"tags":[53,54],"class_list":{"0":"post-443","1":"post","2":"type-post","3":"status-publish","4":"format-standard","5":"has-post-thumbnail","7":"category-locales","8":"tag-juzgados-chaco","9":"tag-lenadro-zdero"},"aioseo_notices":[],"_links":{"self":[{"href":"https:\/\/lalupa24.com.ar\/index.php\/wp-json\/wp\/v2\/posts\/443","targetHints":{"allow":["GET"]}}],"collection":[{"href":"https:\/\/lalupa24.com.ar\/index.php\/wp-json\/wp\/v2\/posts"}],"about":[{"href":"https:\/\/lalupa24.com.ar\/index.php\/wp-json\/wp\/v2\/types\/post"}],"author":[{"embeddable":true,"href":"https:\/\/lalupa24.com.ar\/index.php\/wp-json\/wp\/v2\/users\/2"}],"replies":[{"embeddable":true,"href":"https:\/\/lalupa24.com.ar\/index.php\/wp-json\/wp\/v2\/comments?post=443"}],"version-history":[{"count":1,"href":"https:\/\/lalupa24.com.ar\/index.php\/wp-json\/wp\/v2\/posts\/443\/revisions"}],"predecessor-version":[{"id":445,"href":"https:\/\/lalupa24.com.ar\/index.php\/wp-json\/wp\/v2\/posts\/443\/revisions\/445"}],"wp:featuredmedia":[{"embeddable":true,"href":"https:\/\/lalupa24.com.ar\/index.php\/wp-json\/wp\/v2\/media\/444"}],"wp:attachment":[{"href":"https:\/\/lalupa24.com.ar\/index.php\/wp-json\/wp\/v2\/media?parent=443"}],"wp:term":[{"taxonomy":"category","embeddable":true,"href":"https:\/\/lalupa24.com.ar\/index.php\/wp-json\/wp\/v2\/categories?post=443"},{"taxonomy":"post_tag","embeddable":true,"href":"https:\/\/lalupa24.com.ar\/index.php\/wp-json\/wp\/v2\/tags?post=443"}],"curies":[{"name":"wp","href":"https:\/\/api.w.org\/{rel}","templated":true}]}}