{"id":4432,"date":"2025-03-02T12:48:11","date_gmt":"2025-03-02T15:48:11","guid":{"rendered":"https:\/\/lalupa24.com.ar\/?p=4432"},"modified":"2025-03-02T12:48:12","modified_gmt":"2025-03-02T15:48:12","slug":"malestar-de-villarruel-porque-la-transmision-oficial-de-karina-le-corto-la-cabeza","status":"publish","type":"post","link":"https:\/\/lalupa24.com.ar\/index.php\/2025\/03\/02\/malestar-de-villarruel-porque-la-transmision-oficial-de-karina-le-corto-la-cabeza\/","title":{"rendered":"Malestar de Villarruel porque la transmisi\u00f3n oficial de Karina le cort\u00f3 la cabeza"},"content":{"rendered":"\n<p>Karina Milei, hermana del presidente, tuvo un control estricto sobre la transmisi\u00f3n oficial del discurso de apertura de sesiones ordinarias en el Congreso, lo que gener\u00f3 malestar, especialmente en el entorno de la vicepresidenta Victoria Villarruel. La transmisi\u00f3n, que fue gestionada por Casa Rosada, mostr\u00f3 exclusivamente a Javier Milei en su atril, dejando a Villarruel y al presidente de la C\u00e1mara Baja, Mart\u00edn Menem, apenas como figuras de fondo sin mostrar sus rostros. Esto fue percibido como un intento de reducir la presencia de Villarruel a un simple \u00abaccesorio decorativo\u00bb.<\/p>\n\n\n\n<p>La transmisi\u00f3n y el manejo del evento tambi\u00e9n generaron quejas entre los periodistas, debido a las restricciones impuestas para cubrir la ceremonia. Se limit\u00f3 el acceso a los palcos, los cuales fueron ocupados por seguidores de Milei en lugar de periodistas, lo que provoc\u00f3 cr\u00edticas de diferentes bloques pol\u00edticos. Adem\u00e1s, circulaba el rumor de que Karina Milei hab\u00eda intentado evitar que los reporteros gr\u00e1ficos tomaran fotos que pudieran resaltar aspectos f\u00edsicos del presidente que no le resultaban c\u00f3modos.<\/p>\n","protected":false},"excerpt":{"rendered":"<p>Karina Milei, hermana del presidente, tuvo un control estricto sobre la transmisi\u00f3n oficial del discurso de apertura de sesiones ordinarias en el Congreso, lo que gener\u00f3 malestar, especialmente en el entorno de la vicepresidenta Victoria Villarruel. La transmisi\u00f3n, que fue gestionada por Casa Rosada, mostr\u00f3 exclusivamente a Javier Milei en su atril, dejando a Villarruel [&hellip;]<\/p>\n","protected":false},"author":2,"featured_media":4424,"comment_status":"open","ping_status":"open","sticky":false,"template":"","format":"standard","meta":{"footnotes":""},"categories":[26],"tags":[],"class_list":{"0":"post-4432","1":"post","2":"type-post","3":"status-publish","4":"format-standard","5":"has-post-thumbnail","7":"category-nacionales"},"aioseo_notices":[],"_links":{"self":[{"href":"https:\/\/lalupa24.com.ar\/index.php\/wp-json\/wp\/v2\/posts\/4432","targetHints":{"allow":["GET"]}}],"collection":[{"href":"https:\/\/lalupa24.com.ar\/index.php\/wp-json\/wp\/v2\/posts"}],"about":[{"href":"https:\/\/lalupa24.com.ar\/index.php\/wp-json\/wp\/v2\/types\/post"}],"author":[{"embeddable":true,"href":"https:\/\/lalupa24.com.ar\/index.php\/wp-json\/wp\/v2\/users\/2"}],"replies":[{"embeddable":true,"href":"https:\/\/lalupa24.com.ar\/index.php\/wp-json\/wp\/v2\/comments?post=4432"}],"version-history":[{"count":1,"href":"https:\/\/lalupa24.com.ar\/index.php\/wp-json\/wp\/v2\/posts\/4432\/revisions"}],"predecessor-version":[{"id":4433,"href":"https:\/\/lalupa24.com.ar\/index.php\/wp-json\/wp\/v2\/posts\/4432\/revisions\/4433"}],"wp:featuredmedia":[{"embeddable":true,"href":"https:\/\/lalupa24.com.ar\/index.php\/wp-json\/wp\/v2\/media\/4424"}],"wp:attachment":[{"href":"https:\/\/lalupa24.com.ar\/index.php\/wp-json\/wp\/v2\/media?parent=4432"}],"wp:term":[{"taxonomy":"category","embeddable":true,"href":"https:\/\/lalupa24.com.ar\/index.php\/wp-json\/wp\/v2\/categories?post=4432"},{"taxonomy":"post_tag","embeddable":true,"href":"https:\/\/lalupa24.com.ar\/index.php\/wp-json\/wp\/v2\/tags?post=4432"}],"curies":[{"name":"wp","href":"https:\/\/api.w.org\/{rel}","templated":true}]}}