{"id":446,"date":"2024-03-07T17:17:02","date_gmt":"2024-03-07T20:17:02","guid":{"rendered":"https:\/\/lalupa24.com.ar\/?p=446"},"modified":"2024-03-07T17:17:02","modified_gmt":"2024-03-07T20:17:02","slug":"ante-el-rechazo-de-milei-al-aumento-de-la-dieta-de-legisladores-nacionales-presentan-un-proyecto-para-retrotraerlo","status":"publish","type":"post","link":"https:\/\/lalupa24.com.ar\/index.php\/2024\/03\/07\/ante-el-rechazo-de-milei-al-aumento-de-la-dieta-de-legisladores-nacionales-presentan-un-proyecto-para-retrotraerlo\/","title":{"rendered":"Ante el rechazo de Milei \u00a0al aumento de la dieta de legisladores nacionales presentan un proyecto para retrotraerlo"},"content":{"rendered":"\n<p>Diputados oficialistas dar\u00e1n marcha atr\u00e1s con el incremento del 30% en los salarios de diputados y senadores que hab\u00edan autorizado el 23 de febrero Victoria Villarruel y Mart\u00edn Menem<\/p>\n\n\n\n<p>Los presidentes de las C\u00e1maras del Congreso de la Naci\u00f3n autorizaron un incremento de 30% para los trabajadores del Palacio para enero y febrero, paritaria que tambi\u00e9n impacta en las dietas de los legisladores. Esto llev\u00f3 a que el salario promedio para los 257 diputados y 72 senadores alcance los 2,5 millones de pesos promedio.<\/p>\n\n\n\n<p>El incremento que fue firmado por Mart\u00edn Menem y Victoria Villarruel, presidentes de Diputados y Senado, impact\u00f3 en la opini\u00f3n p\u00fablica en medio del ajuste que est\u00e1 llevando adelante la administraci\u00f3n de Javier Milei en donde todos los d\u00edas se anuncian incrementos de precios y despidos estatales.<\/p>\n\n\n\n<p>A partir de esto, y luego de 48 horas en las que se defendi\u00f3 el aumento de las dietas, el bloque de La Libertad Avanza de la C\u00e1mara de Diputados anunci\u00f3 que buscar\u00e1 retrotraer el incremento aplicado en enero y febrero.<\/p>\n\n\n\n<p>El diputado del bloque libertario Carlos D\u00b4Alessandro dijo que convers\u00f3 con el presidente de la C\u00e1mara de Diputados, Mart\u00edn Menem, y que \u201cambos\u201d est\u00e1n de acuerdo en que \u201chay que retrotraer el aumento que recibimos los Diputados y Senadores\u201d.<\/p>\n\n\n\n<p>Esta ma\u00f1ana el propio Menem hab\u00eda hecho referencia a los salarios de los diputados y pidi\u00f3 que se los compare con los de las legislaturas provinciales, los camaristas, los trabajadores de la AFIP o del Banco Central de la Rep\u00fablica Argentina\u201d como argumento para defenderlo.<\/p>\n\n\n\n<p>A partir de esto es que se\u00f1al\u00f3 que lo acordado con Menem es que la bancada del oficialismo en la C\u00e1mara Baja va a \u201cpresentar un proyecto\u201d para dar marcha atr\u00e1s con los aumentos.<\/p>\n\n\n\n<p>La Presidenta del Senado se\u00f1alaron que ser\u00eda una buena medida -la de reducir las dietas- pero que a\u00fan no se hab\u00eda tomado una decisi\u00f3n al respecto.<\/p>\n\n\n\n<p>El problema que se presenta ahora es que si LLA quiere avanzar en un proyecto para reducir las dietas necesitar\u00e1 el apoyo de todos los bloques para poder avanzar. Tanto para su tratamiento en las comisiones como para que sea debatido y aprobado directamente en el recinto.<\/p>\n\n\n\n<p>El otro punto que est\u00e1 en discusi\u00f3n respecto de la dieta de los legisladores del Congreso de la Naci\u00f3n es que a los salarios que ahora alcanzan los 2,5 millones de pesos hay que sumarle el plus por desarraigo que cobran buena parte de los diputados y senadores que no son representantes de la Ciudad de Buenos Aires, los pasajes tanto de \u00f3mnibus de larga distancia como de aviones y los gastos de representaci\u00f3n.<\/p>\n","protected":false},"excerpt":{"rendered":"<p>Diputados oficialistas dar\u00e1n marcha atr\u00e1s con el incremento del 30% en los salarios de diputados y senadores que hab\u00edan autorizado el 23 de febrero Victoria Villarruel y Mart\u00edn Menem Los presidentes de las C\u00e1maras del Congreso de la Naci\u00f3n autorizaron un incremento de 30% para los trabajadores del Palacio para enero y febrero, paritaria que [&hellip;]<\/p>\n","protected":false},"author":2,"featured_media":448,"comment_status":"open","ping_status":"open","sticky":false,"template":"","format":"standard","meta":{"footnotes":""},"categories":[26],"tags":[55],"class_list":{"0":"post-446","1":"post","2":"type-post","3":"status-publish","4":"format-standard","5":"has-post-thumbnail","7":"category-nacionales","8":"tag-aumento-dieta"},"aioseo_notices":[],"_links":{"self":[{"href":"https:\/\/lalupa24.com.ar\/index.php\/wp-json\/wp\/v2\/posts\/446","targetHints":{"allow":["GET"]}}],"collection":[{"href":"https:\/\/lalupa24.com.ar\/index.php\/wp-json\/wp\/v2\/posts"}],"about":[{"href":"https:\/\/lalupa24.com.ar\/index.php\/wp-json\/wp\/v2\/types\/post"}],"author":[{"embeddable":true,"href":"https:\/\/lalupa24.com.ar\/index.php\/wp-json\/wp\/v2\/users\/2"}],"replies":[{"embeddable":true,"href":"https:\/\/lalupa24.com.ar\/index.php\/wp-json\/wp\/v2\/comments?post=446"}],"version-history":[{"count":1,"href":"https:\/\/lalupa24.com.ar\/index.php\/wp-json\/wp\/v2\/posts\/446\/revisions"}],"predecessor-version":[{"id":449,"href":"https:\/\/lalupa24.com.ar\/index.php\/wp-json\/wp\/v2\/posts\/446\/revisions\/449"}],"wp:featuredmedia":[{"embeddable":true,"href":"https:\/\/lalupa24.com.ar\/index.php\/wp-json\/wp\/v2\/media\/448"}],"wp:attachment":[{"href":"https:\/\/lalupa24.com.ar\/index.php\/wp-json\/wp\/v2\/media?parent=446"}],"wp:term":[{"taxonomy":"category","embeddable":true,"href":"https:\/\/lalupa24.com.ar\/index.php\/wp-json\/wp\/v2\/categories?post=446"},{"taxonomy":"post_tag","embeddable":true,"href":"https:\/\/lalupa24.com.ar\/index.php\/wp-json\/wp\/v2\/tags?post=446"}],"curies":[{"name":"wp","href":"https:\/\/api.w.org\/{rel}","templated":true}]}}