{"id":4470,"date":"2025-03-05T09:32:00","date_gmt":"2025-03-05T12:32:00","guid":{"rendered":"https:\/\/lalupa24.com.ar\/?p=4470"},"modified":"2025-03-05T09:32:02","modified_gmt":"2025-03-05T12:32:02","slug":"el-pro-apunto-contra-milei-por-la-politica-exterior-confrontativa-y-pidio-no-alimentar-grietas-en-el-escenario-mundial","status":"publish","type":"post","link":"https:\/\/lalupa24.com.ar\/index.php\/2025\/03\/05\/el-pro-apunto-contra-milei-por-la-politica-exterior-confrontativa-y-pidio-no-alimentar-grietas-en-el-escenario-mundial\/","title":{"rendered":"El PRO apunt\u00f3 contra Milei por la pol\u00edtica exterior \u201cconfrontativa\u201d y pidi\u00f3 no \u201calimentar grietas en el escenario mundial\u201d"},"content":{"rendered":"\n<p>La disputa entre el PRO y La Libertad Avanza parece haber alcanzado un punto de no retorno, con el terreno de las relaciones internacionales como nuevo campo de confrontaci\u00f3n. A trav\u00e9s de un extenso informe, la Fundaci\u00f3n Pensar, vinculada al PRO y dirigida por Mar\u00eda Eugenia Vidal, se ha encargado de criticar abiertamente la pol\u00edtica exterior de Javier Milei. En este documento, el macrismo subraya la necesidad de que la Canciller\u00eda argentina adopte un enfoque pragm\u00e1tico y profesional, argumentando que la pol\u00edtica exterior debe basarse en el di\u00e1logo y la cooperaci\u00f3n, evitando los discursos agresivos que podr\u00edan alimentar grietas internacionales.<\/p>\n\n\n\n<p>El informe de la Fundaci\u00f3n Pensar, titulado &#8220;Pensar el Mundo, Rebelde sin causa&#8221;, examina el rumbo de la pol\u00edtica exterior de Argentina bajo el primer a\u00f1o del gobierno de Milei. A lo largo de 202 p\u00e1ginas, se eval\u00faan tanto los desaf\u00edos como las oportunidades internacionales que enfrenta el pa\u00eds, resaltando los logros del macrismo en este campo y contrast\u00e1ndolos con las cr\u00edticas al enfoque adoptado por la administraci\u00f3n actual. En particular, se menciona que la pol\u00edtica exterior de Milei ha sido utilizada como una herramienta de &#8220;batalla cultural global&#8221;, un enfoque que, si bien ha tenido impacto medi\u00e1tico, a\u00fan est\u00e1 por verse si traer\u00e1 resultados concretos para Argentina.<\/p>\n\n\n\n<p>En el informe, se destacan los logros de la gesti\u00f3n de Mauricio Macri, como la exitosa organizaci\u00f3n de la Cumbre del G-20 en Buenos Aires en 2018, que posicion\u00f3 a Argentina como un actor relevante en las conversaciones internacionales. Tambi\u00e9n se mencionan iniciativas estrat\u00e9gicas como el acuerdo entre el Mercosur y la Uni\u00f3n Europea y la adhesi\u00f3n a la OCDE, que el informe se\u00f1ala como oportunidades fundamentales para avanzar en la integraci\u00f3n econ\u00f3mica y pol\u00edtica del pa\u00eds.<\/p>\n\n\n\n<p>Por el contrario, el informe critica el enfoque adoptado por el gobierno de Milei, sugiriendo que su estrategia de pol\u00edtica exterior ha priorizado discursos polarizadores y afinidades ideol\u00f3gicas, lo que podr\u00eda dificultar la consecuci\u00f3n de objetivos concretos en comercio y financiamiento internacional. Se se\u00f1ala un distanciamiento diplom\u00e1tico con aliados tradicionales como Brasil, Chile, M\u00e9xico y Espa\u00f1a, y se alerta sobre el riesgo de un autoaislamiento en el sistema multilateral, ejemplificado por la postura cr\u00edtica de Milei hacia organismos como las Naciones Unidas y la decisi\u00f3n de retirarse del Pacto del Futuro.<\/p>\n\n\n\n<p>El informe de Pensar aboga por un enfoque m\u00e1s pragm\u00e1tico y equilibrado, que priorice la ampliaci\u00f3n de mercados y la cooperaci\u00f3n internacional. Destaca la importancia de fortalecer las relaciones con socios clave del Mercosur y de mantener v\u00ednculos estables con China, uno de los principales socios comerciales de Argentina. Adem\u00e1s, el documento resalta que la pol\u00edtica exterior debe basarse en una diplomacia que busque construir puentes en lugar de profundizar divisiones en el escenario global.<\/p>\n\n\n\n<p>En cuanto a las tensiones internas, el informe refleja la diferencia de visiones sobre la pol\u00edtica exterior entre Mauricio Macri y Javier Milei, con el PRO defendiendo una diplomacia basada en la previsibilidad y los valores democr\u00e1ticos, mientras que la administraci\u00f3n de Milei ha sido criticada por su enfoque m\u00e1s ideol\u00f3gico. No obstante, a pesar de las diferencias, el PRO parece dispuesto a colaborar con el gobierno de Milei, facilitando la participaci\u00f3n de sus cuadros t\u00e9cnicos en la administraci\u00f3n actual, con el objetivo de preservar parte de su legado en pol\u00edtica exterior.<\/p>\n\n\n\n<p>Finalmente, el informe concluye con un an\u00e1lisis integral del contexto internacional, destacando tanto los desaf\u00edos como las oportunidades para Argentina. A trav\u00e9s de una encuesta a expertos en relaciones internacionales, la Fundaci\u00f3n Pensar identifica los principales temas que deben ser abordados para mejorar la inserci\u00f3n internacional del pa\u00eds.<\/p>\n\n\n\n<p>Este documento, que combina reflexiones de figuras cercanas al PRO y an\u00e1lisis detallados de la situaci\u00f3n internacional, subraya la compleja din\u00e1mica interna del pa\u00eds y la necesidad de una estrategia exterior coherente y pragm\u00e1tica para enfrentar los desaf\u00edos globales.<\/p>\n\n\n\n<p><\/p>\n","protected":false},"excerpt":{"rendered":"<p>La disputa entre el PRO y La Libertad Avanza parece haber alcanzado un punto de no retorno, con el terreno de las relaciones internacionales como nuevo campo de confrontaci\u00f3n. A trav\u00e9s de un extenso informe, la Fundaci\u00f3n Pensar, vinculada al PRO y dirigida por Mar\u00eda Eugenia Vidal, se ha encargado de criticar abiertamente la pol\u00edtica [&hellip;]<\/p>\n","protected":false},"author":2,"featured_media":4460,"comment_status":"open","ping_status":"open","sticky":false,"template":"","format":"standard","meta":{"footnotes":""},"categories":[26],"tags":[],"class_list":{"0":"post-4470","1":"post","2":"type-post","3":"status-publish","4":"format-standard","5":"has-post-thumbnail","7":"category-nacionales"},"aioseo_notices":[],"_links":{"self":[{"href":"https:\/\/lalupa24.com.ar\/index.php\/wp-json\/wp\/v2\/posts\/4470","targetHints":{"allow":["GET"]}}],"collection":[{"href":"https:\/\/lalupa24.com.ar\/index.php\/wp-json\/wp\/v2\/posts"}],"about":[{"href":"https:\/\/lalupa24.com.ar\/index.php\/wp-json\/wp\/v2\/types\/post"}],"author":[{"embeddable":true,"href":"https:\/\/lalupa24.com.ar\/index.php\/wp-json\/wp\/v2\/users\/2"}],"replies":[{"embeddable":true,"href":"https:\/\/lalupa24.com.ar\/index.php\/wp-json\/wp\/v2\/comments?post=4470"}],"version-history":[{"count":1,"href":"https:\/\/lalupa24.com.ar\/index.php\/wp-json\/wp\/v2\/posts\/4470\/revisions"}],"predecessor-version":[{"id":4471,"href":"https:\/\/lalupa24.com.ar\/index.php\/wp-json\/wp\/v2\/posts\/4470\/revisions\/4471"}],"wp:featuredmedia":[{"embeddable":true,"href":"https:\/\/lalupa24.com.ar\/index.php\/wp-json\/wp\/v2\/media\/4460"}],"wp:attachment":[{"href":"https:\/\/lalupa24.com.ar\/index.php\/wp-json\/wp\/v2\/media?parent=4470"}],"wp:term":[{"taxonomy":"category","embeddable":true,"href":"https:\/\/lalupa24.com.ar\/index.php\/wp-json\/wp\/v2\/categories?post=4470"},{"taxonomy":"post_tag","embeddable":true,"href":"https:\/\/lalupa24.com.ar\/index.php\/wp-json\/wp\/v2\/tags?post=4470"}],"curies":[{"name":"wp","href":"https:\/\/api.w.org\/{rel}","templated":true}]}}