{"id":4474,"date":"2025-03-05T09:33:31","date_gmt":"2025-03-05T12:33:31","guid":{"rendered":"https:\/\/lalupa24.com.ar\/?p=4474"},"modified":"2025-03-05T09:33:32","modified_gmt":"2025-03-05T12:33:32","slug":"el-vaticano-informo-que-el-papa-francisco-se-encuentra-estable-tras-una-noche-de-buen-descanso","status":"publish","type":"post","link":"https:\/\/lalupa24.com.ar\/index.php\/2025\/03\/05\/el-vaticano-informo-que-el-papa-francisco-se-encuentra-estable-tras-una-noche-de-buen-descanso\/","title":{"rendered":"El Vaticano inform\u00f3 que el papa Francisco se encuentra \u201cestable\u201d tras una noche de buen descanso"},"content":{"rendered":"\n<p>El papa Francisco pas\u00f3 la noche en calma y descans\u00f3 bien, seg\u00fan el \u00faltimo parte m\u00e9dico emitido por la oficina de prensa del Vaticano. A pesar de los episodios de insuficiencia respiratoria aguda que sufri\u00f3 el lunes, su estado general sigue siendo estable, lo que ha tra\u00eddo alivio a los fieles y seguidores de todo el mundo.<\/p>\n\n\n\n<p>A lo largo del d\u00eda de ayer, el papa continu\u00f3 recibiendo el tratamiento necesario, que incluy\u00f3 ox\u00edgeno de alto flujo y, por precauci\u00f3n, la reanudaci\u00f3n de la ventilaci\u00f3n mec\u00e1nica no invasiva. Aunque no present\u00f3 fiebre y se mantiene consciente y cooperativo con las terapias, los m\u00e9dicos mantienen un pron\u00f3stico reservado, dada su condici\u00f3n delicada.<\/p>\n\n\n\n<p>En medio de su convalecencia, Francisco ha alternado momentos de descanso con instantes de oraci\u00f3n, buscando encontrar paz en la espiritualidad. Incluso, ha recibido la Eucarist\u00eda en este tiempo de prueba, mientras sigue comprometido con su labor, firmando documentos y realizando nombramientos, en lo que parece ser una muestra de su incansable dedicaci\u00f3n a su misi\u00f3n.<\/p>\n\n\n\n<p>El papa, de 88 a\u00f1os, ha atravesado varias dificultades de salud en los \u00faltimos a\u00f1os, incluyendo una bronquitis con infecci\u00f3n polimicrobiana, que deriv\u00f3 en neumon\u00eda bilateral y complicaciones respiratorias. Estos episodios recientes, sumados a otros previos relacionados con su asma, generan una creciente preocupaci\u00f3n sobre su bienestar f\u00edsico, que se ve afectado por cirug\u00edas previas y sus dificultades para caminar.<\/p>\n\n\n\n<p>En un gesto de unidad espiritual, las oraciones por su salud contin\u00faan desde todos los rincones del mundo. Este martes, un grupo de argentinos se reuni\u00f3 frente a la estatua de Juan Pablo II, frente al hospital Gemelli, para rezar por la pronta recuperaci\u00f3n del Santo Padre. La plaza de San Pedro tambi\u00e9n sigue siendo un lugar de oraci\u00f3n constante, con el cardenal Arthur Roche encabezando el rosario por la salud del papa.<\/p>\n\n\n\n<p>El pr\u00f3ximo domingo, el inicio de los Ejercicios Espirituales en el Vaticano ser\u00e1 un momento de comuni\u00f3n espiritual con el papa, mientras la Curia romana se une en oraci\u00f3n por su salud.<\/p>\n\n\n\n<p>A la espera de su pronta recuperaci\u00f3n, el mundo contin\u00faa con la esperanza de que el papa Francisco pueda superar esta dif\u00edcil prueba, mientras sus seguidores siguen enviando sus mejores deseos y oraciones, reafirmando su amor y solidaridad con el pont\u00edfice.<\/p>\n","protected":false},"excerpt":{"rendered":"<p>El papa Francisco pas\u00f3 la noche en calma y descans\u00f3 bien, seg\u00fan el \u00faltimo parte m\u00e9dico emitido por la oficina de prensa del Vaticano. A pesar de los episodios de insuficiencia respiratoria aguda que sufri\u00f3 el lunes, su estado general sigue siendo estable, lo que ha tra\u00eddo alivio a los fieles y seguidores de todo [&hellip;]<\/p>\n","protected":false},"author":2,"featured_media":4462,"comment_status":"open","ping_status":"open","sticky":false,"template":"","format":"standard","meta":{"footnotes":""},"categories":[26],"tags":[],"class_list":{"0":"post-4474","1":"post","2":"type-post","3":"status-publish","4":"format-standard","5":"has-post-thumbnail","7":"category-nacionales"},"aioseo_notices":[],"_links":{"self":[{"href":"https:\/\/lalupa24.com.ar\/index.php\/wp-json\/wp\/v2\/posts\/4474","targetHints":{"allow":["GET"]}}],"collection":[{"href":"https:\/\/lalupa24.com.ar\/index.php\/wp-json\/wp\/v2\/posts"}],"about":[{"href":"https:\/\/lalupa24.com.ar\/index.php\/wp-json\/wp\/v2\/types\/post"}],"author":[{"embeddable":true,"href":"https:\/\/lalupa24.com.ar\/index.php\/wp-json\/wp\/v2\/users\/2"}],"replies":[{"embeddable":true,"href":"https:\/\/lalupa24.com.ar\/index.php\/wp-json\/wp\/v2\/comments?post=4474"}],"version-history":[{"count":1,"href":"https:\/\/lalupa24.com.ar\/index.php\/wp-json\/wp\/v2\/posts\/4474\/revisions"}],"predecessor-version":[{"id":4475,"href":"https:\/\/lalupa24.com.ar\/index.php\/wp-json\/wp\/v2\/posts\/4474\/revisions\/4475"}],"wp:featuredmedia":[{"embeddable":true,"href":"https:\/\/lalupa24.com.ar\/index.php\/wp-json\/wp\/v2\/media\/4462"}],"wp:attachment":[{"href":"https:\/\/lalupa24.com.ar\/index.php\/wp-json\/wp\/v2\/media?parent=4474"}],"wp:term":[{"taxonomy":"category","embeddable":true,"href":"https:\/\/lalupa24.com.ar\/index.php\/wp-json\/wp\/v2\/categories?post=4474"},{"taxonomy":"post_tag","embeddable":true,"href":"https:\/\/lalupa24.com.ar\/index.php\/wp-json\/wp\/v2\/tags?post=4474"}],"curies":[{"name":"wp","href":"https:\/\/api.w.org\/{rel}","templated":true}]}}