{"id":4481,"date":"2025-03-05T14:33:43","date_gmt":"2025-03-05T17:33:43","guid":{"rendered":"https:\/\/lalupa24.com.ar\/?p=4481"},"modified":"2025-03-05T14:33:44","modified_gmt":"2025-03-05T17:33:44","slug":"este-jueves-habra-operativos-del-instituto-de-viviendas-en-barranqueras","status":"publish","type":"post","link":"https:\/\/lalupa24.com.ar\/index.php\/2025\/03\/05\/este-jueves-habra-operativos-del-instituto-de-viviendas-en-barranqueras\/","title":{"rendered":"Este jueves habr\u00e1 operativos  del instituto de viviendas en barranqueras"},"content":{"rendered":"\n<p><\/p>\n\n\n\n<p><em>Personal del Instituto Provincial de Desarrollo Urbano y Vivienda (IPDUV) llevar\u00e1 a cabo dos operativos integrales en Barranqueras y Las Garcitas, con el objetivo de atender las necesidades de ambas comunidades.<\/em><\/p>\n\n\n\n<p>Por directivas del presidente del IPDUV, Fernando Berecoechea, este jueves 6 de marzo, el personal del organismo se trasladar\u00e1 a Las Garcitas para recibir las consultas de los vecinos. Este operativo se realizar\u00e1 de 8 a 12 en el Centro de Excombatientes de Malvinas.<br>Por otro lado, agentes del organismo provincial estar\u00e1n en la Escuela Secundaria N\u00ba 61 de Barranqueras, el mismo d\u00eda, de 16 a 19.<br>En ambas localidades, los tr\u00e1mites que se podr\u00e1n realizar incluyen la regularizaci\u00f3n dominial, la titularizaci\u00f3n de viviendas y consultas sobre estados de cuenta. Los equipos conformados por la Gerencia Socioecon\u00f3mica, la Direcci\u00f3n de Recupero de Fondos y la Direcci\u00f3n de Registro Notarial estar\u00e1n a cargo de estos operativos integrales que se despliegan en todo el territorio provincial.<\/p>\n","protected":false},"excerpt":{"rendered":"<p>Personal del Instituto Provincial de Desarrollo Urbano y Vivienda (IPDUV) llevar\u00e1 a cabo dos operativos integrales en Barranqueras y Las Garcitas, con el objetivo de atender las necesidades de ambas comunidades. Por directivas del presidente del IPDUV, Fernando Berecoechea, este jueves 6 de marzo, el personal del organismo se trasladar\u00e1 a Las Garcitas para recibir [&hellip;]<\/p>\n","protected":false},"author":2,"featured_media":4482,"comment_status":"open","ping_status":"open","sticky":false,"template":"","format":"standard","meta":{"footnotes":""},"categories":[28],"tags":[],"class_list":{"0":"post-4481","1":"post","2":"type-post","3":"status-publish","4":"format-standard","5":"has-post-thumbnail","7":"category-locales"},"aioseo_notices":[],"_links":{"self":[{"href":"https:\/\/lalupa24.com.ar\/index.php\/wp-json\/wp\/v2\/posts\/4481","targetHints":{"allow":["GET"]}}],"collection":[{"href":"https:\/\/lalupa24.com.ar\/index.php\/wp-json\/wp\/v2\/posts"}],"about":[{"href":"https:\/\/lalupa24.com.ar\/index.php\/wp-json\/wp\/v2\/types\/post"}],"author":[{"embeddable":true,"href":"https:\/\/lalupa24.com.ar\/index.php\/wp-json\/wp\/v2\/users\/2"}],"replies":[{"embeddable":true,"href":"https:\/\/lalupa24.com.ar\/index.php\/wp-json\/wp\/v2\/comments?post=4481"}],"version-history":[{"count":1,"href":"https:\/\/lalupa24.com.ar\/index.php\/wp-json\/wp\/v2\/posts\/4481\/revisions"}],"predecessor-version":[{"id":4483,"href":"https:\/\/lalupa24.com.ar\/index.php\/wp-json\/wp\/v2\/posts\/4481\/revisions\/4483"}],"wp:featuredmedia":[{"embeddable":true,"href":"https:\/\/lalupa24.com.ar\/index.php\/wp-json\/wp\/v2\/media\/4482"}],"wp:attachment":[{"href":"https:\/\/lalupa24.com.ar\/index.php\/wp-json\/wp\/v2\/media?parent=4481"}],"wp:term":[{"taxonomy":"category","embeddable":true,"href":"https:\/\/lalupa24.com.ar\/index.php\/wp-json\/wp\/v2\/categories?post=4481"},{"taxonomy":"post_tag","embeddable":true,"href":"https:\/\/lalupa24.com.ar\/index.php\/wp-json\/wp\/v2\/tags?post=4481"}],"curies":[{"name":"wp","href":"https:\/\/api.w.org\/{rel}","templated":true}]}}