{"id":4523,"date":"2025-03-06T10:52:33","date_gmt":"2025-03-06T13:52:33","guid":{"rendered":"https:\/\/lalupa24.com.ar\/?p=4523"},"modified":"2025-03-06T10:52:34","modified_gmt":"2025-03-06T13:52:34","slug":"el-vaticano-informo-que-el-papa-francisco-paso-una-noche-tranquila-pero-su-condicion-clinica-sigue-siendo-compleja","status":"publish","type":"post","link":"https:\/\/lalupa24.com.ar\/index.php\/2025\/03\/06\/el-vaticano-informo-que-el-papa-francisco-paso-una-noche-tranquila-pero-su-condicion-clinica-sigue-siendo-compleja\/","title":{"rendered":"El Vaticano inform\u00f3 que el papa Francisco pas\u00f3 una noche tranquila, pero su condici\u00f3n cl\u00ednica sigue siendo \u201ccompleja\u201d"},"content":{"rendered":"\n<p>El Papa Francisco, de 88 a\u00f1os, contin\u00faa hospitalizado tras ser ingresado el 14 de febrero en el Policl\u00ednico Gemelli debido a una bronquitis con infecci\u00f3n polimicrobiana, que deriv\u00f3 en neumon\u00eda bilateral. Aunque su estado de salud sigue siendo estable, el Vaticano ha destacado que su cuadro cl\u00ednico es \u00abcomplejo\u00bb y su pron\u00f3stico permanece reservado. En las \u00faltimas semanas, el Papa ha enfrentado episodios de insuficiencia respiratoria y complicaciones relacionadas con su asma y broncoespasmos. A pesar de estos desaf\u00edos, no ha tenido nuevas crisis respiratorias desde el mi\u00e9rcoles y su recuperaci\u00f3n muestra ciertos signos de mejora.<\/p>\n\n\n\n<p>Durante su hospitalizaci\u00f3n, ha recibido tratamiento con fisioterapia respiratoria y terapia motora activa. Adem\u00e1s, se le ha practicado oxigenoterapia de alto flujo y ventilaci\u00f3n mec\u00e1nica no invasiva por la noche para ayudarle a respirar mejor. Aunque alterna per\u00edodos de descanso con algunas actividades laborales, el Papa no ha sido visto en p\u00fablico desde su ingreso al hospital, y el Vaticano no ha publicado fotos recientes de \u00e9l, solo textos que actualizan su situaci\u00f3n.<\/p>\n\n\n\n<p>El 9 de marzo, el Vaticano comenzar\u00e1 los Ejercicios Espirituales de la Curia Romana, que este a\u00f1o se realizar\u00e1n \u00aben comuni\u00f3n espiritual con el Santo Padre\u00bb. En la Plaza de San Pedro, los fieles contin\u00faan rezando por su salud, y un grupo de argentinos se ha reunido frente a la estatua de Juan Pablo II para encender velas y rezar por su recuperaci\u00f3n.<\/p>\n\n\n\n<p>Esta es la cuarta hospitalizaci\u00f3n del Papa desde 2021, siendo esta la m\u00e1s prolongada. Su salud ha generado preocupaci\u00f3n, especialmente debido a las cirug\u00edas previas que ha tenido y a las dificultades para caminar que ha enfrentado en los \u00faltimos a\u00f1os.<\/p>\n","protected":false},"excerpt":{"rendered":"<p>El Papa Francisco, de 88 a\u00f1os, contin\u00faa hospitalizado tras ser ingresado el 14 de febrero en el Policl\u00ednico Gemelli debido a una bronquitis con infecci\u00f3n polimicrobiana, que deriv\u00f3 en neumon\u00eda bilateral. Aunque su estado de salud sigue siendo estable, el Vaticano ha destacado que su cuadro cl\u00ednico es \u00abcomplejo\u00bb y su pron\u00f3stico permanece reservado. En [&hellip;]<\/p>\n","protected":false},"author":2,"featured_media":4530,"comment_status":"open","ping_status":"open","sticky":false,"template":"","format":"standard","meta":{"footnotes":""},"categories":[26],"tags":[],"class_list":{"0":"post-4523","1":"post","2":"type-post","3":"status-publish","4":"format-standard","5":"has-post-thumbnail","7":"category-nacionales"},"aioseo_notices":[],"_links":{"self":[{"href":"https:\/\/lalupa24.com.ar\/index.php\/wp-json\/wp\/v2\/posts\/4523","targetHints":{"allow":["GET"]}}],"collection":[{"href":"https:\/\/lalupa24.com.ar\/index.php\/wp-json\/wp\/v2\/posts"}],"about":[{"href":"https:\/\/lalupa24.com.ar\/index.php\/wp-json\/wp\/v2\/types\/post"}],"author":[{"embeddable":true,"href":"https:\/\/lalupa24.com.ar\/index.php\/wp-json\/wp\/v2\/users\/2"}],"replies":[{"embeddable":true,"href":"https:\/\/lalupa24.com.ar\/index.php\/wp-json\/wp\/v2\/comments?post=4523"}],"version-history":[{"count":1,"href":"https:\/\/lalupa24.com.ar\/index.php\/wp-json\/wp\/v2\/posts\/4523\/revisions"}],"predecessor-version":[{"id":4533,"href":"https:\/\/lalupa24.com.ar\/index.php\/wp-json\/wp\/v2\/posts\/4523\/revisions\/4533"}],"wp:featuredmedia":[{"embeddable":true,"href":"https:\/\/lalupa24.com.ar\/index.php\/wp-json\/wp\/v2\/media\/4530"}],"wp:attachment":[{"href":"https:\/\/lalupa24.com.ar\/index.php\/wp-json\/wp\/v2\/media?parent=4523"}],"wp:term":[{"taxonomy":"category","embeddable":true,"href":"https:\/\/lalupa24.com.ar\/index.php\/wp-json\/wp\/v2\/categories?post=4523"},{"taxonomy":"post_tag","embeddable":true,"href":"https:\/\/lalupa24.com.ar\/index.php\/wp-json\/wp\/v2\/tags?post=4523"}],"curies":[{"name":"wp","href":"https:\/\/api.w.org\/{rel}","templated":true}]}}