{"id":4536,"date":"2025-03-06T10:54:13","date_gmt":"2025-03-06T13:54:13","guid":{"rendered":"https:\/\/lalupa24.com.ar\/?p=4536"},"modified":"2025-03-06T10:54:15","modified_gmt":"2025-03-06T13:54:15","slug":"mauricio-macri-se-pone-al-frente-de-la-campana-en-la-ciudad-de-buenos-aires-y-moviliza-candidatos-del-pro-en-todo-el-pais","status":"publish","type":"post","link":"https:\/\/lalupa24.com.ar\/index.php\/2025\/03\/06\/mauricio-macri-se-pone-al-frente-de-la-campana-en-la-ciudad-de-buenos-aires-y-moviliza-candidatos-del-pro-en-todo-el-pais\/","title":{"rendered":"Mauricio Macri se pone al frente de la campa\u00f1a en la Ciudad de Buenos Aires y moviliza candidatos del PRO en todo el pa\u00eds"},"content":{"rendered":"\n<p>Mauricio Macri contin\u00faa posicion\u00e1ndose como una figura central del PRO y ha comenzado a activar su estrategia pol\u00edtica con vistas a las elecciones, centrando su atenci\u00f3n especialmente en la Ciudad de Buenos Aires. Recientemente, encabez\u00f3 una reuni\u00f3n con presidentes provinciales del partido en la quinta de Jorge Triaca, donde destac\u00f3 la importancia de renovar las figuras del PRO y fortalecer las candidaturas en las provincias, a medida que se acercan los comicios. Este encuentro tambi\u00e9n reflej\u00f3 la intenci\u00f3n de consolidar el poder del PRO a nivel nacional, buscando alternativas para ganar terreno frente a los libertarios y fortalecer la estructura del partido.<\/p>\n\n\n\n<p>Adem\u00e1s, Macri est\u00e1 preparando una serie de recorridas por todo el pa\u00eds, especialmente en provincias como C\u00f3rdoba y Mendoza, en un intento por reforzar su presencia y la de su espacio. La clave de su estrategia est\u00e1 en las elecciones del 18 de mayo en la Ciudad de Buenos Aires, donde se medir\u00e1n fuerzas con La Libertad Avanza, encabezada por Javier Milei. Macri considera que esta elecci\u00f3n ser\u00e1 crucial para definir el rumbo del PRO y, por ende, se enfocar\u00e1 en apoyar a su primo, Jorge Macri, en la campa\u00f1a local, respaldando la gesti\u00f3n del PRO en la ciudad.<\/p>\n\n\n\n<p>En cuanto a las alianzas, dentro del PRO persisten diferencias sobre c\u00f3mo manejar la relaci\u00f3n con los libertarios. Mientras algunos miembros del PRO, como los Macri, son reacios a aceptar un acuerdo sin condiciones con Milei, otros sectores dentro del partido consideran que una alianza con La Libertad Avanza es fundamental para garantizar la victoria en las pr\u00f3ximas elecciones. Esta divisi\u00f3n refleja las tensiones internas dentro del PRO sobre c\u00f3mo equilibrar la identidad del partido con las necesidades estrat\u00e9gicas para ganar en la arena nacional.<\/p>\n\n\n\n<p>En este contexto, Macri sigue jugando un papel clave, impulsando la campa\u00f1a local mientras mantiene su protagonismo a nivel nacional. La cuesti\u00f3n de su posible candidatura a senador nacional sigue siendo una inc\u00f3gnita, pero no cabe duda de que su participaci\u00f3n en las elecciones de la Ciudad de Buenos Aires ser\u00e1 fundamental para el futuro pol\u00edtico del PRO. Con el apoyo de figuras clave del partido y un equipo de confianza trabajando en el armado pol\u00edtico, Macri busca asegurarse de que el PRO mantenga su relevancia y fuerza, tanto en el \u00e1mbito local como nacional.<\/p>\n","protected":false},"excerpt":{"rendered":"<p>Mauricio Macri contin\u00faa posicion\u00e1ndose como una figura central del PRO y ha comenzado a activar su estrategia pol\u00edtica con vistas a las elecciones, centrando su atenci\u00f3n especialmente en la Ciudad de Buenos Aires. Recientemente, encabez\u00f3 una reuni\u00f3n con presidentes provinciales del partido en la quinta de Jorge Triaca, donde destac\u00f3 la importancia de renovar las [&hellip;]<\/p>\n","protected":false},"author":2,"featured_media":4526,"comment_status":"open","ping_status":"open","sticky":false,"template":"","format":"standard","meta":{"footnotes":""},"categories":[26],"tags":[],"class_list":{"0":"post-4536","1":"post","2":"type-post","3":"status-publish","4":"format-standard","5":"has-post-thumbnail","7":"category-nacionales"},"aioseo_notices":[],"_links":{"self":[{"href":"https:\/\/lalupa24.com.ar\/index.php\/wp-json\/wp\/v2\/posts\/4536","targetHints":{"allow":["GET"]}}],"collection":[{"href":"https:\/\/lalupa24.com.ar\/index.php\/wp-json\/wp\/v2\/posts"}],"about":[{"href":"https:\/\/lalupa24.com.ar\/index.php\/wp-json\/wp\/v2\/types\/post"}],"author":[{"embeddable":true,"href":"https:\/\/lalupa24.com.ar\/index.php\/wp-json\/wp\/v2\/users\/2"}],"replies":[{"embeddable":true,"href":"https:\/\/lalupa24.com.ar\/index.php\/wp-json\/wp\/v2\/comments?post=4536"}],"version-history":[{"count":1,"href":"https:\/\/lalupa24.com.ar\/index.php\/wp-json\/wp\/v2\/posts\/4536\/revisions"}],"predecessor-version":[{"id":4537,"href":"https:\/\/lalupa24.com.ar\/index.php\/wp-json\/wp\/v2\/posts\/4536\/revisions\/4537"}],"wp:featuredmedia":[{"embeddable":true,"href":"https:\/\/lalupa24.com.ar\/index.php\/wp-json\/wp\/v2\/media\/4526"}],"wp:attachment":[{"href":"https:\/\/lalupa24.com.ar\/index.php\/wp-json\/wp\/v2\/media?parent=4536"}],"wp:term":[{"taxonomy":"category","embeddable":true,"href":"https:\/\/lalupa24.com.ar\/index.php\/wp-json\/wp\/v2\/categories?post=4536"},{"taxonomy":"post_tag","embeddable":true,"href":"https:\/\/lalupa24.com.ar\/index.php\/wp-json\/wp\/v2\/tags?post=4536"}],"curies":[{"name":"wp","href":"https:\/\/api.w.org\/{rel}","templated":true}]}}