{"id":4547,"date":"2025-03-07T09:25:43","date_gmt":"2025-03-07T12:25:43","guid":{"rendered":"https:\/\/lalupa24.com.ar\/?p=4547"},"modified":"2025-03-07T09:25:44","modified_gmt":"2025-03-07T12:25:44","slug":"elecciones-de-defensor-del-pueblo-y-adjunto","status":"publish","type":"post","link":"https:\/\/lalupa24.com.ar\/index.php\/2025\/03\/07\/elecciones-de-defensor-del-pueblo-y-adjunto\/","title":{"rendered":"Elecciones de defensor del pueblo y adjunto"},"content":{"rendered":"\n<p><\/p>\n\n\n\n<p>Con una amplia participaci\u00f3n la C\u00e1mara de Diputados concret\u00f3 este jueves la Consulta P\u00fablica para evaluar antecedentes y propuestas de los postulantes a Defensor del Pueblo provincial y Adjunto. Dando cumplimiento a la Ley 843-A, la audiencia se concret\u00f3 en el Recinto de Sesiones, encabezada por la Comisi\u00f3n de Legislaci\u00f3n General, y la participaci\u00f3n de una gran cantidad de vecinos y vecinas que escucharon las exposiciones y consultaron a los candidatos sobre sus propuestas.<\/p>\n\n\n\n<p>La mesa de apertura estuvo a cargo de los diputados Dar\u00edo Bacileff Ivanoff, Maida With, Mar\u00eda P\u00eda Chiacchio Cavanna, Tere Cubells, Sebasti\u00e1n Lazzarini, Zulema Wannesson, Silvina Canteros Reiser; Iv\u00e1n Gyoker; Nicol\u00e1s Slimel; Anal\u00eda Flores y Gladys Gonz\u00e1lez. Tal y como lo plantea la normativa, cada candidato hizo uso de los 10 minutos que le corresponde para presentar su candidatura y propuestas.<\/p>\n\n\n\n<p>Los legisladores y el p\u00fablico presente escucharon las razones, fundamentos y plataformas de cada uno de los aspirantes y candidatos, y luego los ciudadanos inscriptos hicieron preguntas y apreciaciones respecto a lo expuesto por los mismos.<\/p>\n\n\n\n<p>Lo recogido en la jornada de consulta, tanto lo expuesto por los postulantes como los aportes de los ciudadanos particulares que prestaron su adhesi\u00f3n y objeciones a los mismos, ser\u00e1n girados por la Comisi\u00f3n al cuerpo legislativo para su consideraci\u00f3n. Cabe recordar que para ser designados como Defensor del Pueblo y Adjunto los candidatos necesitan un consenso de 22 votos de los 32 legisladores.<\/p>\n","protected":false},"excerpt":{"rendered":"<p>Con una amplia participaci\u00f3n la C\u00e1mara de Diputados concret\u00f3 este jueves la Consulta P\u00fablica para evaluar antecedentes y propuestas de los postulantes a Defensor del Pueblo provincial y Adjunto. Dando cumplimiento a la Ley 843-A, la audiencia se concret\u00f3 en el Recinto de Sesiones, encabezada por la Comisi\u00f3n de Legislaci\u00f3n General, y la participaci\u00f3n de [&hellip;]<\/p>\n","protected":false},"author":2,"featured_media":4548,"comment_status":"open","ping_status":"open","sticky":false,"template":"","format":"standard","meta":{"footnotes":""},"categories":[28],"tags":[],"class_list":{"0":"post-4547","1":"post","2":"type-post","3":"status-publish","4":"format-standard","5":"has-post-thumbnail","7":"category-locales"},"aioseo_notices":[],"_links":{"self":[{"href":"https:\/\/lalupa24.com.ar\/index.php\/wp-json\/wp\/v2\/posts\/4547","targetHints":{"allow":["GET"]}}],"collection":[{"href":"https:\/\/lalupa24.com.ar\/index.php\/wp-json\/wp\/v2\/posts"}],"about":[{"href":"https:\/\/lalupa24.com.ar\/index.php\/wp-json\/wp\/v2\/types\/post"}],"author":[{"embeddable":true,"href":"https:\/\/lalupa24.com.ar\/index.php\/wp-json\/wp\/v2\/users\/2"}],"replies":[{"embeddable":true,"href":"https:\/\/lalupa24.com.ar\/index.php\/wp-json\/wp\/v2\/comments?post=4547"}],"version-history":[{"count":1,"href":"https:\/\/lalupa24.com.ar\/index.php\/wp-json\/wp\/v2\/posts\/4547\/revisions"}],"predecessor-version":[{"id":4549,"href":"https:\/\/lalupa24.com.ar\/index.php\/wp-json\/wp\/v2\/posts\/4547\/revisions\/4549"}],"wp:featuredmedia":[{"embeddable":true,"href":"https:\/\/lalupa24.com.ar\/index.php\/wp-json\/wp\/v2\/media\/4548"}],"wp:attachment":[{"href":"https:\/\/lalupa24.com.ar\/index.php\/wp-json\/wp\/v2\/media?parent=4547"}],"wp:term":[{"taxonomy":"category","embeddable":true,"href":"https:\/\/lalupa24.com.ar\/index.php\/wp-json\/wp\/v2\/categories?post=4547"},{"taxonomy":"post_tag","embeddable":true,"href":"https:\/\/lalupa24.com.ar\/index.php\/wp-json\/wp\/v2\/tags?post=4547"}],"curies":[{"name":"wp","href":"https:\/\/api.w.org\/{rel}","templated":true}]}}