{"id":4553,"date":"2025-03-07T09:47:12","date_gmt":"2025-03-07T12:47:12","guid":{"rendered":"https:\/\/lalupa24.com.ar\/?p=4553"},"modified":"2025-03-07T09:47:14","modified_gmt":"2025-03-07T12:47:14","slug":"mas-infraestructura-escolar-zdero-inauguro-el-jardin-de-infantes-n-258-en-puerto-vilela","status":"publish","type":"post","link":"https:\/\/lalupa24.com.ar\/index.php\/2025\/03\/07\/mas-infraestructura-escolar-zdero-inauguro-el-jardin-de-infantes-n-258-en-puerto-vilela\/","title":{"rendered":"M\u00c1S INFRAESTRUCTURA ESCOLAR: ZDERO INAUGUR\u00d3 EL JARD\u00cdN DE INFANTES N\u00b0 258 EN PUERTO VILELA"},"content":{"rendered":"\n<p><strong>El gobernador Leandro Zdero acompa\u00f1ado por la ministra de Educaci\u00f3n, Sof\u00eda Naidenoff, inaugur\u00f3 y puso en funcionamiento el nuevo Jard\u00edn de Infantes N\u00b0 258, en Puerto Vilelas y donde adem\u00e1s, equip\u00f3 a la instituci\u00f3n con nuevo mobiliario e hizo entrega de kits de juegos did\u00e1cticos. En este contexto, el primer mandatario provincial ratific\u00f3 la necesidad de apoyar la educaci\u00f3n y trabajar entre el Estado, los docentes y las familias chaque\u00f1as para \u201ciniciar un camino de recuperaci\u00f3n de la educaci\u00f3n\u201d.<\/strong><\/p>\n\n\n\n<p>Zdero explic\u00f3 que se logr\u00f3 terminar esta obra, que estaba sin finalizar y se logr\u00f3 hacerla con mucho sacrificio no s\u00f3lo para terminar el edificio sino para crear este Jard\u00edn y ponerlo en funcionamiento, ya que \u201cel Nivel Inicial da comienzo al trayecto de formaci\u00f3n de los chicos, que es uno de los procesos y niveles claves. \u201d, afirm\u00f3 el primer mandatario provincial, quien estuvo acompa\u00f1ado por el intendente local, Marcelo Gonz\u00e1lez; la subsecretaria de Educaci\u00f3n, Gladys Sanchuk, la subsecretaria de Acci\u00f3n Comunitaria, Tamara Silvestri y el vocal de Loter\u00eda Chaque\u00f1a, Juan Chaussivert.&nbsp; &nbsp;<\/p>\n\n\n\n<p><strong>Estado, docentes y familia apoyando a la Educaci\u00f3n<\/strong><br>El gobernador asegur\u00f3 que tanto el Estado como los docentes y las familias tienen que acompa\u00f1ar y apoyar a la educaci\u00f3n. \u201cEl Estado garantizando educaci\u00f3n, capacitaci\u00f3n, acompa\u00f1ando a los docentes y por supuesto, garantizando el acceso a la educaci\u00f3n. Los docentes, como servidores p\u00fablicos, tomando la capacitaci\u00f3n adecuada y tomando&nbsp; esto como parte del proceso de ense\u00f1anza y aprendizaje de los chicos y las familias, porque tenemos que trabajar entre todos los chaque\u00f1os para revertir \u00edndices que nos lastiman pero nos har\u00e1n m\u00e1s fuertes\u201d, finaliz\u00f3 el Jefe del Ejecutivo.&nbsp; &nbsp;<\/p>\n\n\n\n<p><strong>Sobre el nuevo Jard\u00edn<\/strong><br>El jard\u00edn cuenta con tres salas, cada una con sus sanitarios; un Sal\u00f3n de Usos M\u00faltiples (SUM), con rampas de acceso, cocina, dep\u00f3sito, sanitario para personas con discapacidad, sector de gobierno, patio de recreaci\u00f3n y expansi\u00f3n del SUM donde hay un m\u00e1stil, patio de juegos y un sector de servicio con acceso independiente a un espacio donde est\u00e1 la torre tanque.<\/p>\n\n\n\n<p><strong>Entrega de mobiliario y kits de juegos did\u00e1cticos<\/strong><br>Se entregaron sillas met\u00e1licas apilables, bibliotecas, conjunto grupal multiprop\u00f3sito, conjuntos docente, muebles bajos, armarios met\u00e1licos, archivos verticales, 9 mesas de maderas grandes, 6 mesas de madera chicas. Tambi\u00e9n, 78 sillas de nivel inicial de madera, 6 percheros, 12 estanter\u00edas exhibidoras, 3 guardados sobre pilet\u00f3n, 3 rincones de juego, 5 estantes bajo mesada de cocina, 3 estantes de cocina, 2 mesas para impresora, 1 armario de madera, 4 pizarrones de fibra, 9 pizarrones chincheros, 54 maderas fija l\u00e1mina, 1 calesita, sube y baja y juego exterior para nivel inicial.&nbsp;<\/p>\n\n\n\n<p>Adem\u00e1s, se entregaron 3 kits de juegos did\u00e1cticos pedag\u00f3gicos compuestos por juegos de encastre de madera (abecedario, letras y n\u00fameros y animales y figuras). &nbsp;<\/p>\n\n\n\n<p>A su turno, la ministra Naidenoff celebr\u00f3 esta nueva obra que \u201cresponde a lo que necesitan todos los chicos para aprender\u201d y se\u00f1al\u00f3 la importancia de contar con estos espacios porque \u201clos chicos tienen que comenzar en el jard\u00edn y continuar con el sistema de educaci\u00f3n, as\u00ed que estamos muy orgullosos\u201d, asegur\u00f3.&nbsp;<br><br>Por su parte, la directora del Jard\u00edn de Infantes N\u00b0 258, Alejandra Chamorro, destac\u00f3 la modernidad, innovaci\u00f3n, tecnolog\u00eda y seguridad de esta instituci\u00f3n que est\u00e1 totalmente equipada. \u201cLa verdad que la localidad est\u00e1 muy bendecida con esta nueva instituci\u00f3n y yo soy una bendecida por el cargo que me toca asumir\u201d. Por \u00faltimo, remarc\u00f3 la importancia de trabajar en conjunto entre las familias y el Jard\u00edn para \u201cpoder sacar ciudadanos de bien, con valores, porque de eso se trata la educaci\u00f3n: de sembrar buenas semillas\u201d, finaliz\u00f3 Chamorro.<\/p>\n","protected":false},"excerpt":{"rendered":"<p>El gobernador Leandro Zdero acompa\u00f1ado por la ministra de Educaci\u00f3n, Sof\u00eda Naidenoff, inaugur\u00f3 y puso en funcionamiento el nuevo Jard\u00edn de Infantes N\u00b0 258, en Puerto Vilelas y donde adem\u00e1s, equip\u00f3 a la instituci\u00f3n con nuevo mobiliario e hizo entrega de kits de juegos did\u00e1cticos. En este contexto, el primer mandatario provincial ratific\u00f3 la necesidad [&hellip;]<\/p>\n","protected":false},"author":2,"featured_media":4560,"comment_status":"open","ping_status":"open","sticky":false,"template":"","format":"standard","meta":{"footnotes":""},"categories":[28],"tags":[],"class_list":{"0":"post-4553","1":"post","2":"type-post","3":"status-publish","4":"format-standard","5":"has-post-thumbnail","7":"category-locales"},"aioseo_notices":[],"_links":{"self":[{"href":"https:\/\/lalupa24.com.ar\/index.php\/wp-json\/wp\/v2\/posts\/4553","targetHints":{"allow":["GET"]}}],"collection":[{"href":"https:\/\/lalupa24.com.ar\/index.php\/wp-json\/wp\/v2\/posts"}],"about":[{"href":"https:\/\/lalupa24.com.ar\/index.php\/wp-json\/wp\/v2\/types\/post"}],"author":[{"embeddable":true,"href":"https:\/\/lalupa24.com.ar\/index.php\/wp-json\/wp\/v2\/users\/2"}],"replies":[{"embeddable":true,"href":"https:\/\/lalupa24.com.ar\/index.php\/wp-json\/wp\/v2\/comments?post=4553"}],"version-history":[{"count":1,"href":"https:\/\/lalupa24.com.ar\/index.php\/wp-json\/wp\/v2\/posts\/4553\/revisions"}],"predecessor-version":[{"id":4562,"href":"https:\/\/lalupa24.com.ar\/index.php\/wp-json\/wp\/v2\/posts\/4553\/revisions\/4562"}],"wp:featuredmedia":[{"embeddable":true,"href":"https:\/\/lalupa24.com.ar\/index.php\/wp-json\/wp\/v2\/media\/4560"}],"wp:attachment":[{"href":"https:\/\/lalupa24.com.ar\/index.php\/wp-json\/wp\/v2\/media?parent=4553"}],"wp:term":[{"taxonomy":"category","embeddable":true,"href":"https:\/\/lalupa24.com.ar\/index.php\/wp-json\/wp\/v2\/categories?post=4553"},{"taxonomy":"post_tag","embeddable":true,"href":"https:\/\/lalupa24.com.ar\/index.php\/wp-json\/wp\/v2\/tags?post=4553"}],"curies":[{"name":"wp","href":"https:\/\/api.w.org\/{rel}","templated":true}]}}