{"id":456,"date":"2024-03-08T12:55:17","date_gmt":"2024-03-08T15:55:17","guid":{"rendered":"https:\/\/lalupa24.com.ar\/?p=456"},"modified":"2024-03-08T12:55:17","modified_gmt":"2024-03-08T15:55:17","slug":"del-rio-solo-hay-justicia-cuando-tenemos-una-sociedad-de-iguales","status":"publish","type":"post","link":"https:\/\/lalupa24.com.ar\/index.php\/2024\/03\/08\/del-rio-solo-hay-justicia-cuando-tenemos-una-sociedad-de-iguales\/","title":{"rendered":"Del R\u00edo: &#8220;Solo hay justicia cuando tenemos una sociedad de iguales&#8221;"},"content":{"rendered":"\n<p>El presidente del Superior Tribunal de Justicia del Chaco, V\u00edctor del R\u00edo, y sus pares Emilia Mar\u00eda Valle e Iride Isabel Mar\u00eda Grillo y el procurador general Jorge Canteros participaron de la actividad &#8220;Historia y conquistas de las mujeres&#8221; que se realiz\u00f3 en la Casa de las Culturas de Resistencia en el marco del D\u00eda Internacional de la Mujer.<\/p>\n\n\n\n<p>Del R\u00edo intervino en la apertura junto al gobernador Leandro Zdero, la presidente de la Legislatura, Carmen Delgado, y Sonia Valenzuela, subsecretaria de G\u00e9nero y Diversidad de la provincia.<\/p>\n\n\n\n<p>En tanto que Valle disert\u00f3 en el panel &#8220;Perspectiva de g\u00e9nero y justicia&#8221; junto a la jueza federal Zunilda Niremperger, la camarista Elia Pisarello y Elizabet Gonz\u00e1lez, coordinadora integral de las actividades judiciales con los pueblos ind\u00edgenas ante el Poder Judicial.<\/p>\n\n\n\n<p>En el segundo panel expusieron la vicegobernadora Silvana Schneider y Rosy Salazar, autora de la obra &#8220;Aroma de mazmorra&#8221; que fue representada al cierre.<\/p>\n\n\n\n<p>Tambi\u00e9n estuvieron presentes el ministro de Gobierno, Justicia y Derechos Humanos, Jorge G\u00f3mez, la jueza civil Claudia Piccirillo, integrantes del poder judicial, funcionarios provinciales y p\u00fablico en general.<\/p>\n\n\n\n<p><strong>Del R\u00edo: &#8220;Solo hay justicia cuando tenemos una sociedad de iguales&#8221;<\/strong><br>En su discurso de apertura, Del R\u00edo afirm\u00f3: &#8220;cuando estamos hablando aqu\u00ed de conmemorar un 8 de marzo, estamos hablando finalmente de que la sociedad a\u00fan no es justa&#8221; y reflexion\u00f3 &#8220;solo hay justicia cuando tenemos una sociedad de iguales&#8221;.<\/p>\n","protected":false},"excerpt":{"rendered":"<p>El presidente del Superior Tribunal de Justicia del Chaco, V\u00edctor del R\u00edo, y sus pares Emilia Mar\u00eda Valle e Iride Isabel Mar\u00eda Grillo y el procurador general Jorge Canteros participaron de la actividad &#8220;Historia y conquistas de las mujeres&#8221; que se realiz\u00f3 en la Casa de las Culturas de Resistencia en el marco del D\u00eda [&hellip;]<\/p>\n","protected":false},"author":2,"featured_media":457,"comment_status":"open","ping_status":"open","sticky":false,"template":"","format":"standard","meta":{"footnotes":""},"categories":[28],"tags":[59,58],"class_list":{"0":"post-456","1":"post","2":"type-post","3":"status-publish","4":"format-standard","5":"has-post-thumbnail","7":"category-locales","8":"tag-dia-de-la-mujer","9":"tag-superior-tribnal"},"aioseo_notices":[],"_links":{"self":[{"href":"https:\/\/lalupa24.com.ar\/index.php\/wp-json\/wp\/v2\/posts\/456","targetHints":{"allow":["GET"]}}],"collection":[{"href":"https:\/\/lalupa24.com.ar\/index.php\/wp-json\/wp\/v2\/posts"}],"about":[{"href":"https:\/\/lalupa24.com.ar\/index.php\/wp-json\/wp\/v2\/types\/post"}],"author":[{"embeddable":true,"href":"https:\/\/lalupa24.com.ar\/index.php\/wp-json\/wp\/v2\/users\/2"}],"replies":[{"embeddable":true,"href":"https:\/\/lalupa24.com.ar\/index.php\/wp-json\/wp\/v2\/comments?post=456"}],"version-history":[{"count":1,"href":"https:\/\/lalupa24.com.ar\/index.php\/wp-json\/wp\/v2\/posts\/456\/revisions"}],"predecessor-version":[{"id":458,"href":"https:\/\/lalupa24.com.ar\/index.php\/wp-json\/wp\/v2\/posts\/456\/revisions\/458"}],"wp:featuredmedia":[{"embeddable":true,"href":"https:\/\/lalupa24.com.ar\/index.php\/wp-json\/wp\/v2\/media\/457"}],"wp:attachment":[{"href":"https:\/\/lalupa24.com.ar\/index.php\/wp-json\/wp\/v2\/media?parent=456"}],"wp:term":[{"taxonomy":"category","embeddable":true,"href":"https:\/\/lalupa24.com.ar\/index.php\/wp-json\/wp\/v2\/categories?post=456"},{"taxonomy":"post_tag","embeddable":true,"href":"https:\/\/lalupa24.com.ar\/index.php\/wp-json\/wp\/v2\/tags?post=456"}],"curies":[{"name":"wp","href":"https:\/\/api.w.org\/{rel}","templated":true}]}}