{"id":4567,"date":"2025-03-07T09:49:28","date_gmt":"2025-03-07T12:49:28","guid":{"rendered":"https:\/\/lalupa24.com.ar\/?p=4567"},"modified":"2025-03-07T09:49:29","modified_gmt":"2025-03-07T12:49:29","slug":"la-imagen-de-milei-cayo-tres-puntos-y-el-nucleo-duro-se-reduce-al-20","status":"publish","type":"post","link":"https:\/\/lalupa24.com.ar\/index.php\/2025\/03\/07\/la-imagen-de-milei-cayo-tres-puntos-y-el-nucleo-duro-se-reduce-al-20\/","title":{"rendered":"La imagen de Milei cay\u00f3 tres puntos y el n\u00facleo duro se reduce al 20%"},"content":{"rendered":"\n<p>La imagen del presidente Javier Milei ha sufrido una ca\u00edda significativa en febrero, seg\u00fan la \u00faltima encuesta de Analog\u00edas, influenciada por el esc\u00e1ndalo de la criptomoneda&nbsp;<em>Libra<\/em>&nbsp;y las dudas sobre la sostenibilidad del programa econ\u00f3mico implementado por su gobierno. Este descenso se refleja en varias m\u00e9tricas clave, incluyendo la imagen positiva de Milei y la evaluaci\u00f3n general de su gesti\u00f3n.<\/p>\n\n\n\n<p>El sondeo revela que la evaluaci\u00f3n de la gesti\u00f3n presidencial cay\u00f3 tres puntos, con la imagen positiva de Milei disminuyendo a 49,7%, lo que marca una ca\u00edda de 8 puntos en comparaci\u00f3n con enero. Aunque sigue con un diferencial positivo respecto a la desaprobaci\u00f3n (2 puntos), la ca\u00edda es notable. La evaluaci\u00f3n del gobierno tambi\u00e9n sufri\u00f3 una disminuci\u00f3n de tres puntos, pasando a 40,7%, mientras que la desaprobaci\u00f3n aument\u00f3 a 42,5%, lo que invierte el balance positivo que el gobierno ten\u00eda en mediciones anteriores.<\/p>\n\n\n\n<p>El esc\u00e1ndalo relacionado con&nbsp;<em>Libra<\/em>&nbsp;ha tenido un impacto particularmente negativo. Un 61% de los encuestados considera que el caso es una corrupci\u00f3n, y un 54,6% cree que Milei estuvo involucrado en la estafa. Adem\u00e1s, casi la mitad de los consultados (48,7%) opin\u00f3 que hay \u00abmucha\u00bb o \u00abbastante\u00bb corrupci\u00f3n en el gobierno, lo que refleja una creciente desconfianza en la administraci\u00f3n.<\/p>\n\n\n\n<p>Un dato preocupante para el presidente es que el 55,6% de los encuestados considera que el gobierno tiene tendencias \u00abautoritarias\u00bb, mientras que el 36,2% lo califica como \u00abfascista\u00bb. Estos altos porcentajes reflejan una cr\u00edtica muy fuerte hacia el estilo de liderazgo del presidente.<\/p>\n\n\n\n<p>Por otro lado, las expectativas econ\u00f3micas tambi\u00e9n se deterioraron. Las expectativas generales pasaron de una brecha optimista de 13 puntos en enero a solo 1,5 puntos en febrero. En cuanto a las expectativas personales de los ciudadanos sobre su situaci\u00f3n econ\u00f3mica, el optimismo cay\u00f3 en 7 puntos. Este cambio refleja no solo el impacto de la coyuntura actual, sino tambi\u00e9n dudas estructurales sobre la capacidad del programa econ\u00f3mico para mejorar las condiciones de vida de la poblaci\u00f3n.<\/p>\n\n\n\n<p>En resumen, la encuesta muestra un creciente descontento con la administraci\u00f3n de Milei, influenciado tanto por el esc\u00e1ndalo de la criptomoneda&nbsp;<em>Libra<\/em>&nbsp;como por las crecientes dudas sobre el futuro econ\u00f3mico del pa\u00eds.<\/p>\n","protected":false},"excerpt":{"rendered":"<p>La imagen del presidente Javier Milei ha sufrido una ca\u00edda significativa en febrero, seg\u00fan la \u00faltima encuesta de Analog\u00edas, influenciada por el esc\u00e1ndalo de la criptomoneda&nbsp;Libra&nbsp;y las dudas sobre la sostenibilidad del programa econ\u00f3mico implementado por su gobierno. Este descenso se refleja en varias m\u00e9tricas clave, incluyendo la imagen positiva de Milei y la evaluaci\u00f3n [&hellip;]<\/p>\n","protected":false},"author":2,"featured_media":4555,"comment_status":"open","ping_status":"open","sticky":false,"template":"","format":"standard","meta":{"footnotes":""},"categories":[26],"tags":[],"class_list":{"0":"post-4567","1":"post","2":"type-post","3":"status-publish","4":"format-standard","5":"has-post-thumbnail","7":"category-nacionales"},"aioseo_notices":[],"_links":{"self":[{"href":"https:\/\/lalupa24.com.ar\/index.php\/wp-json\/wp\/v2\/posts\/4567","targetHints":{"allow":["GET"]}}],"collection":[{"href":"https:\/\/lalupa24.com.ar\/index.php\/wp-json\/wp\/v2\/posts"}],"about":[{"href":"https:\/\/lalupa24.com.ar\/index.php\/wp-json\/wp\/v2\/types\/post"}],"author":[{"embeddable":true,"href":"https:\/\/lalupa24.com.ar\/index.php\/wp-json\/wp\/v2\/users\/2"}],"replies":[{"embeddable":true,"href":"https:\/\/lalupa24.com.ar\/index.php\/wp-json\/wp\/v2\/comments?post=4567"}],"version-history":[{"count":1,"href":"https:\/\/lalupa24.com.ar\/index.php\/wp-json\/wp\/v2\/posts\/4567\/revisions"}],"predecessor-version":[{"id":4568,"href":"https:\/\/lalupa24.com.ar\/index.php\/wp-json\/wp\/v2\/posts\/4567\/revisions\/4568"}],"wp:featuredmedia":[{"embeddable":true,"href":"https:\/\/lalupa24.com.ar\/index.php\/wp-json\/wp\/v2\/media\/4555"}],"wp:attachment":[{"href":"https:\/\/lalupa24.com.ar\/index.php\/wp-json\/wp\/v2\/media?parent=4567"}],"wp:term":[{"taxonomy":"category","embeddable":true,"href":"https:\/\/lalupa24.com.ar\/index.php\/wp-json\/wp\/v2\/categories?post=4567"},{"taxonomy":"post_tag","embeddable":true,"href":"https:\/\/lalupa24.com.ar\/index.php\/wp-json\/wp\/v2\/tags?post=4567"}],"curies":[{"name":"wp","href":"https:\/\/api.w.org\/{rel}","templated":true}]}}