{"id":4569,"date":"2025-03-07T09:50:05","date_gmt":"2025-03-07T12:50:05","guid":{"rendered":"https:\/\/lalupa24.com.ar\/?p=4569"},"modified":"2025-03-07T09:50:07","modified_gmt":"2025-03-07T12:50:07","slug":"se-cumplio-el-pacto-de-talcahuano-garcia-mansilla-traiciono-a-milei-y-voto-contra-lijo","status":"publish","type":"post","link":"https:\/\/lalupa24.com.ar\/index.php\/2025\/03\/07\/se-cumplio-el-pacto-de-talcahuano-garcia-mansilla-traiciono-a-milei-y-voto-contra-lijo\/","title":{"rendered":"Se cumpli\u00f3 el Pacto de Talcahuano: Garc\u00eda Mansilla traicion\u00f3 a Milei y vot\u00f3 contra Lijo"},"content":{"rendered":"\n<p>La Corte Suprema de Justicia rechaz\u00f3 la solicitud de licencia extraordinaria presentada por Ariel Lijo, lo que lo obliga a renunciar a su puesto como juez federal si desea asumir en el m\u00e1ximo tribunal. A pesar de esta decisi\u00f3n, Lijo no tiene la intenci\u00f3n de dimitir de inmediato y esperar\u00e1 la aprobaci\u00f3n de su pliego en el Senado antes de dar ese paso.<\/p>\n\n\n\n<p>Lo m\u00e1s notable de la resoluci\u00f3n de la Corte es que Manuel Garc\u00eda Mansilla, quien asumi\u00f3 recientemente como cortesano, vot\u00f3 en contra de los intereses del gobierno de Javier Milei, cumpliendo con lo que se conoci\u00f3 como el&nbsp;<em>Pacto de Talcahuano<\/em>, una maniobra que LPO hab\u00eda anticipado.<\/p>\n\n\n\n<p><strong>Garc\u00eda Mansilla, fiel a su postura acad\u00e9mica, desmarca al gobierno<\/strong><\/p>\n\n\n\n<p>Este medio hab\u00eda revelado que en los tribunales circulaba la especulaci\u00f3n de que la r\u00e1pida asunci\u00f3n de Garc\u00eda Mansilla podr\u00eda ser una jugada de Horacio Rosatti y Carlos Rosenkrantz para aislar a Ricardo Lorenzetti y preservar la mayor\u00eda dentro de la Corte. Sin embargo, la duda era si Garc\u00eda Mansilla, quien asumi\u00f3 su cargo apenas una semana atr\u00e1s, se atrever\u00eda a votar en contra del gobierno de Milei.<\/p>\n\n\n\n<p>El escenario que parec\u00eda m\u00e1s probable era que el nuevo integrante de la Corte se excusara de votar en el caso Lijo, pero contra todo pron\u00f3stico, Garc\u00eda Mansilla se desmarc\u00f3 r\u00e1pidamente de los intereses de la Casa Rosada y cumpli\u00f3 con su compromiso dentro del Pacto de Talcahuano.<\/p>\n\n\n\n<p><strong>El impacto de la votaci\u00f3n en los actores pol\u00edticos clave<\/strong><\/p>\n\n\n\n<p>El voto en contra de Lijo por parte de Garc\u00eda Mansilla es un duro rev\u00e9s para Santiago Caputo, principal impulsor de la llegada del juez a la Corte, quien hab\u00eda hecho esfuerzos para mostrar su influencia, enviando a su hombre de confianza, Sebasti\u00e1n Amerio, a la asunci\u00f3n de Mansilla. Sin embargo, la realidad pol\u00edtica r\u00e1pidamente desinfl\u00f3 sus expectativas. Los \u00faltimos tropiezos de Caputo se han convertido en objeto de burla en las redes sociales, donde ha sido apodado \u00abEl Gago del Kremlin\u00bb, en referencia al err\u00e1tico entrenador de Boca Juniors.<\/p>\n\n\n\n<p>Tambi\u00e9n se suma a la derrota Ricardo Lorenzetti, quien nuevamente vot\u00f3 en solitario, tal como lo viene haciendo desde hace tiempo. Lorenzetti hab\u00eda sido uno de los principales promotores de la llegada de Lijo a la Corte y hab\u00eda logrado convencer a los operadores del gobierno de que podr\u00eda formar una nueva mayor\u00eda junto a Garc\u00eda Mansilla.<\/p>\n\n\n\n<p>Por su parte, Rosatti parece haberse movido m\u00e1s r\u00e1pido que su colega Lorenzetti, aprovechando la falta de un padrinazgo pol\u00edtico claro para Garc\u00eda Mansilla. Como se hab\u00eda anticipado, el nuevo cortesano tambi\u00e9n se mostr\u00f3 dispuesto a colaborar con Rosatti y Rosenkrantz, posicion\u00e1ndose r\u00e1pidamente dentro de la din\u00e1mica interna de la Corte.<\/p>\n\n\n\n<p><strong>Lijo espera el visto bueno del Senado<\/strong><\/p>\n\n\n\n<p>Seg\u00fan lo que ha trascendido, Lijo no tiene la intenci\u00f3n de renunciar a su cargo como juez federal por el momento y esperar\u00e1 que el Senado apruebe su pliego para poder asumir oficialmente en la Corte Suprema. La situaci\u00f3n se mantiene en un punto de espera, con un escenario incierto para el futuro de Lijo en el m\u00e1ximo tribunal.<\/p>\n","protected":false},"excerpt":{"rendered":"<p>La Corte Suprema de Justicia rechaz\u00f3 la solicitud de licencia extraordinaria presentada por Ariel Lijo, lo que lo obliga a renunciar a su puesto como juez federal si desea asumir en el m\u00e1ximo tribunal. A pesar de esta decisi\u00f3n, Lijo no tiene la intenci\u00f3n de dimitir de inmediato y esperar\u00e1 la aprobaci\u00f3n de su pliego [&hellip;]<\/p>\n","protected":false},"author":2,"featured_media":4558,"comment_status":"open","ping_status":"open","sticky":false,"template":"","format":"standard","meta":{"footnotes":""},"categories":[26],"tags":[],"class_list":{"0":"post-4569","1":"post","2":"type-post","3":"status-publish","4":"format-standard","5":"has-post-thumbnail","7":"category-nacionales"},"aioseo_notices":[],"_links":{"self":[{"href":"https:\/\/lalupa24.com.ar\/index.php\/wp-json\/wp\/v2\/posts\/4569","targetHints":{"allow":["GET"]}}],"collection":[{"href":"https:\/\/lalupa24.com.ar\/index.php\/wp-json\/wp\/v2\/posts"}],"about":[{"href":"https:\/\/lalupa24.com.ar\/index.php\/wp-json\/wp\/v2\/types\/post"}],"author":[{"embeddable":true,"href":"https:\/\/lalupa24.com.ar\/index.php\/wp-json\/wp\/v2\/users\/2"}],"replies":[{"embeddable":true,"href":"https:\/\/lalupa24.com.ar\/index.php\/wp-json\/wp\/v2\/comments?post=4569"}],"version-history":[{"count":1,"href":"https:\/\/lalupa24.com.ar\/index.php\/wp-json\/wp\/v2\/posts\/4569\/revisions"}],"predecessor-version":[{"id":4570,"href":"https:\/\/lalupa24.com.ar\/index.php\/wp-json\/wp\/v2\/posts\/4569\/revisions\/4570"}],"wp:featuredmedia":[{"embeddable":true,"href":"https:\/\/lalupa24.com.ar\/index.php\/wp-json\/wp\/v2\/media\/4558"}],"wp:attachment":[{"href":"https:\/\/lalupa24.com.ar\/index.php\/wp-json\/wp\/v2\/media?parent=4569"}],"wp:term":[{"taxonomy":"category","embeddable":true,"href":"https:\/\/lalupa24.com.ar\/index.php\/wp-json\/wp\/v2\/categories?post=4569"},{"taxonomy":"post_tag","embeddable":true,"href":"https:\/\/lalupa24.com.ar\/index.php\/wp-json\/wp\/v2\/tags?post=4569"}],"curies":[{"name":"wp","href":"https:\/\/api.w.org\/{rel}","templated":true}]}}