{"id":459,"date":"2024-03-08T13:05:39","date_gmt":"2024-03-08T16:05:39","guid":{"rendered":"https:\/\/lalupa24.com.ar\/?p=459"},"modified":"2024-03-08T13:05:40","modified_gmt":"2024-03-08T16:05:40","slug":"mano-a-mano-con-la-obra-la-nueva-propuesta-del-museo-de-bellas-artes","status":"publish","type":"post","link":"https:\/\/lalupa24.com.ar\/index.php\/2024\/03\/08\/mano-a-mano-con-la-obra-la-nueva-propuesta-del-museo-de-bellas-artes\/","title":{"rendered":"\u201cMano a mano con la obra\u201d, la nueva propuesta del Museo de Bellas Artes"},"content":{"rendered":"\n<p>El Instituto de Cultura de Corrientes invita al nuevo ciclo \u201cMano a mano con la obra\u201d, que dar\u00e1 inicio este s\u00e1bado 9 de marzo, a las 16, en el patio del Museo de Bellas Artes \u201cDr. Juan R. Vidal\u201d, con acceso libre y gratuito. En esta ocasi\u00f3n, los artistas Pablo Velar y Rub\u00e9n Ramos estar\u00e1n pintando frente al p\u00fablico presente.<\/p>\n\n\n\n<p>Se trata de una nueva propuesta del Museo para la comunidad y que propone un acercamiento al proceso creativo de los artistas visuales.<\/p>\n\n\n\n<p>Una experiencia \u00edntima y reveladora que pretende acortar las distancias entre la creaci\u00f3n art\u00edstica y el espectador. Una oportunidad propicia para fomentar el di\u00e1logo artista-espectador, compartiendo sus intenciones y la inspiraci\u00f3n detr\u00e1s de las obras a realizar.<\/p>\n\n\n\n<p>Cabe se\u00f1alar que en caso de lluvia la actividad se suspender\u00e1 y reprogramar\u00e1.<\/p>\n\n\n\n<p><strong>Mano a mano<\/strong><\/p>\n\n\n\n<p>Esta actuaci\u00f3n en vivo no solo permitir\u00e1 a los espectadores ser testigos de la creaci\u00f3n art\u00edstica, sino que tambi\u00e9n aspira a subrayar el poder del arte para conectar personas, despertar conversaciones y fomentar una comunidad alrededor de la expresi\u00f3n creativa.<\/p>\n\n\n\n<p>El evento es programado para su periodicidad y participaci\u00f3n de varios artistas a lo largo del a\u00f1o convirtiendo al museo en un espacio de encuentro, aprendizaje y asombro colectivo, ampliando la percepci\u00f3n del arte como un proceso vivo y compartido, asegurando que este tipo de experiencias formen parte del futuro cultural del museo.<\/p>\n","protected":false},"excerpt":{"rendered":"<p>El Instituto de Cultura de Corrientes invita al nuevo ciclo \u201cMano a mano con la obra\u201d, que dar\u00e1 inicio este s\u00e1bado 9 de marzo, a las 16, en el patio del Museo de Bellas Artes \u201cDr. Juan R. Vidal\u201d, con acceso libre y gratuito. En esta ocasi\u00f3n, los artistas Pablo Velar y Rub\u00e9n Ramos estar\u00e1n [&hellip;]<\/p>\n","protected":false},"author":2,"featured_media":460,"comment_status":"open","ping_status":"open","sticky":false,"template":"","format":"standard","meta":{"footnotes":""},"categories":[26],"tags":[61,60],"class_list":{"0":"post-459","1":"post","2":"type-post","3":"status-publish","4":"format-standard","5":"has-post-thumbnail","7":"category-nacionales","8":"tag-corrientes","9":"tag-museo-de-bellas-artes"},"aioseo_notices":[],"_links":{"self":[{"href":"https:\/\/lalupa24.com.ar\/index.php\/wp-json\/wp\/v2\/posts\/459","targetHints":{"allow":["GET"]}}],"collection":[{"href":"https:\/\/lalupa24.com.ar\/index.php\/wp-json\/wp\/v2\/posts"}],"about":[{"href":"https:\/\/lalupa24.com.ar\/index.php\/wp-json\/wp\/v2\/types\/post"}],"author":[{"embeddable":true,"href":"https:\/\/lalupa24.com.ar\/index.php\/wp-json\/wp\/v2\/users\/2"}],"replies":[{"embeddable":true,"href":"https:\/\/lalupa24.com.ar\/index.php\/wp-json\/wp\/v2\/comments?post=459"}],"version-history":[{"count":1,"href":"https:\/\/lalupa24.com.ar\/index.php\/wp-json\/wp\/v2\/posts\/459\/revisions"}],"predecessor-version":[{"id":461,"href":"https:\/\/lalupa24.com.ar\/index.php\/wp-json\/wp\/v2\/posts\/459\/revisions\/461"}],"wp:featuredmedia":[{"embeddable":true,"href":"https:\/\/lalupa24.com.ar\/index.php\/wp-json\/wp\/v2\/media\/460"}],"wp:attachment":[{"href":"https:\/\/lalupa24.com.ar\/index.php\/wp-json\/wp\/v2\/media?parent=459"}],"wp:term":[{"taxonomy":"category","embeddable":true,"href":"https:\/\/lalupa24.com.ar\/index.php\/wp-json\/wp\/v2\/categories?post=459"},{"taxonomy":"post_tag","embeddable":true,"href":"https:\/\/lalupa24.com.ar\/index.php\/wp-json\/wp\/v2\/tags?post=459"}],"curies":[{"name":"wp","href":"https:\/\/api.w.org\/{rel}","templated":true}]}}