{"id":4630,"date":"2025-03-10T10:30:41","date_gmt":"2025-03-10T13:30:41","guid":{"rendered":"https:\/\/lalupa24.com.ar\/?p=4630"},"modified":"2025-03-10T10:30:43","modified_gmt":"2025-03-10T13:30:43","slug":"duras-criticas-contra-neymar-por-su-ausencia-en-la-eliminacion-del-santos-la-lesion-no-le-impidio-ir-al-carnaval","status":"publish","type":"post","link":"https:\/\/lalupa24.com.ar\/index.php\/2025\/03\/10\/duras-criticas-contra-neymar-por-su-ausencia-en-la-eliminacion-del-santos-la-lesion-no-le-impidio-ir-al-carnaval\/","title":{"rendered":"Duras cr\u00edticas contra Neymar por su ausencia en la eliminaci\u00f3n del Santos: \u201cLa lesi\u00f3n no le impidi\u00f3 ir al carnaval\u201d"},"content":{"rendered":"\n<p>Neymar Jr. se vio envuelto en una fuerte pol\u00e9mica luego de la derrota de Santos por 2-1 ante Corinthians en la semifinal del Campeonato Paulista, que signific\u00f3 la eliminaci\u00f3n del equipo santista del torneo. El jugador, que fue suplente durante todo el partido debido a molestias musculares, recibi\u00f3 duras cr\u00edticas tanto de la prensa como de los aficionados, en gran parte por su asistencia al carnaval de R\u00edo de Janeiro d\u00edas antes del partido decisivo.<\/p>\n\n\n\n<p>Tras la derrota, Neymar acudi\u00f3 a su cuenta de Instagram para explicar su ausencia en el campo. \u00abLo \u00fanico que quer\u00eda era estar hoy en el campo y ayudar de alguna manera a mis compa\u00f1eros\u00bb, escribi\u00f3 el jugador. Detall\u00f3 que las molestias musculares comenzaron d\u00edas antes del encuentro y que, a pesar de intentar realizarse una prueba en la ma\u00f1ana del partido, no pudo participar. \u00abDesafortunadamente, es parte del f\u00fatbol. No funcion\u00f3 hoy, pero volveremos a\u00fan m\u00e1s fuertes para luchar por nuestros objetivos\u00bb, asegur\u00f3.<\/p>\n\n\n\n<p>El cuerpo t\u00e9cnico de Santos, por su parte, confirm\u00f3 que Neymar no jug\u00f3 debido a una evaluaci\u00f3n m\u00e9dica que determin\u00f3 que no estaba apto para participar. A pesar de esto, el jugador intent\u00f3 trotar en el lateral del campo durante la segunda mitad, pero regres\u00f3 al banquillo tras unos pocos pasos.<\/p>\n\n\n\n<p>Lo que gener\u00f3 mayor controversia fue que, antes del partido, Neymar hab\u00eda estado en el carnaval de R\u00edo de Janeiro, donde fue visto disfrutando del desfile junto a su pareja, Bruna Biancardi, en un prestigioso camarote y organizando una fiesta en su mansi\u00f3n de Mangaratiba. Este comportamiento fue duramente criticado por algunos periodistas y exfutbolistas, quienes cuestionaron su profesionalismo y compromiso con el equipo, especialmente en los d\u00edas previos a un partido clave.<\/p>\n\n\n\n<p>El periodista Renato Maur\u00edcio Prado fue uno de los primeros en cuestionar la actitud de Neymar, se\u00f1alando que el jugador no se cuid\u00f3 como deber\u00eda antes de un partido eliminatorio. Tambi\u00e9n, el exfutbolista Walter Casagrande critic\u00f3 la elecci\u00f3n de Neymar de asistir al carnaval, argumentando que su vanidad y deseo de ser el centro de atenci\u00f3n le pasaban factura en momentos decisivos.<\/p>\n\n\n\n<p>Las cr\u00edticas no solo llegaron de los expertos, sino tambi\u00e9n de los aficionados en redes sociales, quienes mostraron su descontento con la actitud del jugador y su reciente convocatoria a la selecci\u00f3n brasile\u00f1a, a pesar de las dudas sobre su estado f\u00edsico.<\/p>\n\n\n\n<p>El t\u00e9cnico de Santos, Pedro Caixinha, defendi\u00f3 a Neymar, explicando que, a pesar de la molestia que le caus\u00f3 no poder jugar, el jugador acept\u00f3 estar con el grupo. \u00abNeymar sufri\u00f3 mucho por no poder participar en el partido\u00bb, coment\u00f3 Caixinha, subrayando la importancia del jugador para el equipo.<\/p>\n\n\n\n<p>La pol\u00e9mica sigue dando de qu\u00e9 hablar, y la situaci\u00f3n de Neymar sigue siendo un tema candente entre los seguidores del f\u00fatbol brasile\u00f1o.<\/p>\n","protected":false},"excerpt":{"rendered":"<p>Neymar Jr. se vio envuelto en una fuerte pol\u00e9mica luego de la derrota de Santos por 2-1 ante Corinthians en la semifinal del Campeonato Paulista, que signific\u00f3 la eliminaci\u00f3n del equipo santista del torneo. El jugador, que fue suplente durante todo el partido debido a molestias musculares, recibi\u00f3 duras cr\u00edticas tanto de la prensa como [&hellip;]<\/p>\n","protected":false},"author":2,"featured_media":4617,"comment_status":"open","ping_status":"open","sticky":false,"template":"","format":"standard","meta":{"footnotes":""},"categories":[100],"tags":[],"class_list":{"0":"post-4630","1":"post","2":"type-post","3":"status-publish","4":"format-standard","5":"has-post-thumbnail","7":"category-deportes"},"aioseo_notices":[],"_links":{"self":[{"href":"https:\/\/lalupa24.com.ar\/index.php\/wp-json\/wp\/v2\/posts\/4630","targetHints":{"allow":["GET"]}}],"collection":[{"href":"https:\/\/lalupa24.com.ar\/index.php\/wp-json\/wp\/v2\/posts"}],"about":[{"href":"https:\/\/lalupa24.com.ar\/index.php\/wp-json\/wp\/v2\/types\/post"}],"author":[{"embeddable":true,"href":"https:\/\/lalupa24.com.ar\/index.php\/wp-json\/wp\/v2\/users\/2"}],"replies":[{"embeddable":true,"href":"https:\/\/lalupa24.com.ar\/index.php\/wp-json\/wp\/v2\/comments?post=4630"}],"version-history":[{"count":1,"href":"https:\/\/lalupa24.com.ar\/index.php\/wp-json\/wp\/v2\/posts\/4630\/revisions"}],"predecessor-version":[{"id":4631,"href":"https:\/\/lalupa24.com.ar\/index.php\/wp-json\/wp\/v2\/posts\/4630\/revisions\/4631"}],"wp:featuredmedia":[{"embeddable":true,"href":"https:\/\/lalupa24.com.ar\/index.php\/wp-json\/wp\/v2\/media\/4617"}],"wp:attachment":[{"href":"https:\/\/lalupa24.com.ar\/index.php\/wp-json\/wp\/v2\/media?parent=4630"}],"wp:term":[{"taxonomy":"category","embeddable":true,"href":"https:\/\/lalupa24.com.ar\/index.php\/wp-json\/wp\/v2\/categories?post=4630"},{"taxonomy":"post_tag","embeddable":true,"href":"https:\/\/lalupa24.com.ar\/index.php\/wp-json\/wp\/v2\/tags?post=4630"}],"curies":[{"name":"wp","href":"https:\/\/api.w.org\/{rel}","templated":true}]}}