{"id":4674,"date":"2025-03-11T19:22:14","date_gmt":"2025-03-11T22:22:14","guid":{"rendered":"https:\/\/lalupa24.com.ar\/?p=4674"},"modified":"2025-03-11T19:22:15","modified_gmt":"2025-03-11T22:22:15","slug":"los-compromisos-del-gobernador-zdero-se-cumplen-senalo-el-ministro-matkovich","status":"publish","type":"post","link":"https:\/\/lalupa24.com.ar\/index.php\/2025\/03\/11\/los-compromisos-del-gobernador-zdero-se-cumplen-senalo-el-ministro-matkovich\/","title":{"rendered":"\u201cLos compromisos del gobernador Zdero se cumplen\u201d se\u00f1al\u00f3 el ministro Matkovich"},"content":{"rendered":"\n<p><\/p>\n\n\n\n<p><\/p>\n\n\n\n<p>Durante este martes, cerca de las 09:10 Hs aproximadamente, se llev\u00f3 adelante una requisa en el Complejo Penitenciario 1 de Resistencia. \u201cHemos visto en redes sociales algunas publicaciones, entre ellos, la del acusado de la muerte del Cerrajero y por eso, actuamos como debe ser. Los compromisos del Gobernador Zdero se cumplen, es una ley y hay que respetarla\u201d-indic\u00f3 el ministro de Seguridad, Hugo Matkovich.<\/p>\n\n\n\n<p>En este sentido, el Alcaide Principal Martin Aguirre, Jefe del Complejo Penitenciario I inform\u00f3 sobre el proceder: \u201cEs en virtud a la propagaci\u00f3n por medio de las redes sociales de im\u00e1genes y comentarios inapropiados capaces de alterar el orden y la disciplina que debe imperar en todo momento dentro de los establecimientos penitenciarios, las cuales tendr\u00edan como part\u00edcipes a los internos: Corgnali Miguel Dami\u00e1n y Cabral \u00c1ngel Dami\u00e1n, con fines desconocidos. Por este motivo, en resguardo de la seguridad tanto de los internos como del personal penitenciario de este recinto carcelario, esta Jefatura actuando siempre bajo doctrina de ley, se diagram\u00f3, evalu\u00f3 y ejecut\u00f3 operativo de seguridad de menci\u00f3n en t\u00edtulo, a cargo de quien suscribe, en compa\u00f1\u00eda del 2do Jefe &#8211; Alcaide \u00c1ngel Dar\u00edo Acu\u00f1a, junto al Jefe de Seguridad Interna \u2013 Subalcaide Diego Alejandro Flores, Jefe de Turno, Oficial de Servicio y Grupo de Seguridad Interna, procedi\u00e9ndose en primera instancia a ingresar al lugar de alojamiento de los internos antes mencionados, como as\u00ed a la extracci\u00f3n de los mismos a quienes se les brindo amplias referencias del procedimiento y posterior a ello se logr\u00f3 el secuestro de los dispositivos celulares que ten\u00edan en su poder, labr\u00e1ndose acta de constataci\u00f3n y secuestro de lo actuado, quedando los aparatos telef\u00f3nicos en resguardo en la oficina de Judiciales a espera y\/o requerimiento judicial\u201d.<\/p>\n\n\n\n<p>Seguido a esto, los citados fueron realojados en distintos sectores de esta dependencia, previo control medico realizado por el enfermero de turno Cabo 1ro V\u00edctor Mancilla, quien inform\u00f3 que al momento del examen no presentan ni tienen lesiones visibles. Finalizando dicha actividad a horas 10:15 aproximadamente sin registrar m\u00e1s novedades al respecto\u201d- concluy\u00f3 el jefe penitenciario.<\/p>\n","protected":false},"excerpt":{"rendered":"<p>Durante este martes, cerca de las 09:10 Hs aproximadamente, se llev\u00f3 adelante una requisa en el Complejo Penitenciario 1 de Resistencia. \u201cHemos visto en redes sociales algunas publicaciones, entre ellos, la del acusado de la muerte del Cerrajero y por eso, actuamos como debe ser. Los compromisos del Gobernador Zdero se cumplen, es una ley [&hellip;]<\/p>\n","protected":false},"author":2,"featured_media":4692,"comment_status":"open","ping_status":"open","sticky":false,"template":"","format":"standard","meta":{"footnotes":""},"categories":[1,28],"tags":[],"class_list":{"0":"post-4674","1":"post","2":"type-post","3":"status-publish","4":"format-standard","5":"has-post-thumbnail","7":"category-blog","8":"category-locales"},"aioseo_notices":[],"_links":{"self":[{"href":"https:\/\/lalupa24.com.ar\/index.php\/wp-json\/wp\/v2\/posts\/4674","targetHints":{"allow":["GET"]}}],"collection":[{"href":"https:\/\/lalupa24.com.ar\/index.php\/wp-json\/wp\/v2\/posts"}],"about":[{"href":"https:\/\/lalupa24.com.ar\/index.php\/wp-json\/wp\/v2\/types\/post"}],"author":[{"embeddable":true,"href":"https:\/\/lalupa24.com.ar\/index.php\/wp-json\/wp\/v2\/users\/2"}],"replies":[{"embeddable":true,"href":"https:\/\/lalupa24.com.ar\/index.php\/wp-json\/wp\/v2\/comments?post=4674"}],"version-history":[{"count":1,"href":"https:\/\/lalupa24.com.ar\/index.php\/wp-json\/wp\/v2\/posts\/4674\/revisions"}],"predecessor-version":[{"id":4693,"href":"https:\/\/lalupa24.com.ar\/index.php\/wp-json\/wp\/v2\/posts\/4674\/revisions\/4693"}],"wp:featuredmedia":[{"embeddable":true,"href":"https:\/\/lalupa24.com.ar\/index.php\/wp-json\/wp\/v2\/media\/4692"}],"wp:attachment":[{"href":"https:\/\/lalupa24.com.ar\/index.php\/wp-json\/wp\/v2\/media?parent=4674"}],"wp:term":[{"taxonomy":"category","embeddable":true,"href":"https:\/\/lalupa24.com.ar\/index.php\/wp-json\/wp\/v2\/categories?post=4674"},{"taxonomy":"post_tag","embeddable":true,"href":"https:\/\/lalupa24.com.ar\/index.php\/wp-json\/wp\/v2\/tags?post=4674"}],"curies":[{"name":"wp","href":"https:\/\/api.w.org\/{rel}","templated":true}]}}