{"id":468,"date":"2024-03-08T14:51:43","date_gmt":"2024-03-08T17:51:43","guid":{"rendered":"https:\/\/lalupa24.com.ar\/?p=468"},"modified":"2024-03-08T14:51:43","modified_gmt":"2024-03-08T17:51:43","slug":"bioeconomia-convoco-a-los-consejeros-agricolas-y-al-sector-exportador-para-intensificar-la-competitividad-agroexportadora-de-argentina-en-mercados-estrategicos","status":"publish","type":"post","link":"https:\/\/lalupa24.com.ar\/index.php\/2024\/03\/08\/bioeconomia-convoco-a-los-consejeros-agricolas-y-al-sector-exportador-para-intensificar-la-competitividad-agroexportadora-de-argentina-en-mercados-estrategicos\/","title":{"rendered":"Bioeconom\u00eda convoc\u00f3 a los Consejeros Agr\u00edcolas y al sector exportador para intensificar la competitividad agroexportadora de Argentina en mercados estrat\u00e9gicos"},"content":{"rendered":"\n<p>La reuni\u00f3n comport\u00f3 la necesidad de afianzar la cooperaci\u00f3n y el intercambio de informaci\u00f3n con destinos clave para el comercio agropecuario como China, India, Uni\u00f3n Europea, Estados Unidos, Brasil y Rusia al tiempo que escuchar las demandas espec\u00edficas del sector privado.<\/p>\n\n\n\n<p>El secretario de Bioeconom\u00eda, Fernando Vilella, junto con los Consejeros Agr\u00edcolas en la Uni\u00f3n Europea, Gast\u00f3n Funes; en China, Hern\u00e1n Viola; en Brasil, Javier Dufourquet; en Rusia, Alonso Pablo Ferrando; en India, Mariano Beheran y en Estados Unidos, Cecilia Marincioni, en representaci\u00f3n de Jos\u00e9 Molina, se reunieron hoy con representantes de asociaciones y c\u00e1maras de exportadores, para avanzar con el objetivo central de duplicar las exportaciones.<\/p>\n\n\n\n<p>&#8220;Nosotros desde la Secretar\u00eda proponemos un cambio de visi\u00f3n, a la apertura del comercio internacional, le agregamos la bioeconom\u00eda y buscamos que el resto de los actores del sector p\u00fablico pueda tomar a este sector como eje central. En esto es fundamental el rol de los Consejeros como divulgadores de la nueva visi\u00f3n de Argentina&#8221;, dijo Vilella, acompa\u00f1ado tambi\u00e9n por los subsecretarios Fortalecimiento Productivo y Sustentable para Peque\u00f1os y Medianos Productores Agroalimentarios, Pedro Vigneau, y de Mercados Agropecuarios, Agust\u00edn Tejeda.<\/p>\n\n\n\n<p>Argentina cuenta con una destacada oferta agroalimentaria que se distingue por su calidad y diversidad. En este marco, la reuni\u00f3n tuvo como objetivo impulsar la competitividad del sector agroexportador argentino y abrir nuevas oportunidades de negocio en los mercados internacionales bajo los nuevos desaf\u00edos que plantea la gesti\u00f3n de gobierno.<\/p>\n\n\n\n<p>&#8220;Ustedes son los que est\u00e1n en el territorio, necesitamos de ustedes y del sector privado exportador para tomar decisiones lo m\u00e1s asertivas posible, atendiendo la complejidad de cada mercado&#8221;, agreg\u00f3 Vigneau.<\/p>\n\n\n\n<p>En la misma l\u00ednea, el subsecretario de Mercados Agropecuarios, Agust\u00edn Tejeda, que &#8220;l v\u00ednculo con el sector privado tiene que ser de puertas abiertas, esa va a ser una pol\u00edtica de agenda. Nosotros vamos a promover que se acerquen a los Consejeros para poder trabajar en conjunto&#8221;.<\/p>\n\n\n\n<p>Y agreg\u00f3: &#8220;Argentina va a seguir defendi\u00e9ndose contra las posiciones paraarancelarias que no est\u00e9n basadas en ciencia. Vamos a tomar una estrategia proactiva y ofensiva, presentando un programa de Bioeconom\u00eda que tiene que ver con poder capturar el valor que tiene nuestro sistema productivo y repensando la estrategia de posicionamiento externo, junto a Canciller\u00eda&#8221;.<\/p>\n\n\n\n<p>Al tiempo que Vigneau enfatiz\u00f3: &#8220;Voy a comentar algo que queremos hacer, que tiene que ver con diferenciar nuestros productos en mercados altamente competitivos a nivel global, tiene que ver con certificar y trazar, con dar cuenta de nuestra baja huella de carbono en ma\u00edz, por ejemplo. Necesitamos contar esa historia y que mejor que hacerlo a trav\u00e9s de lo que producimos, sabiendo que hay consumidores preocupados por la cuesti\u00f3n ambiental y la sostenibilidad&#8221;.<\/p>\n\n\n\n<p>En la reuni\u00f3n se hizo referencia a la Mesa tripartita conformada por la Secretar\u00eda junto a la cartera de Ambiente y Canciller\u00eda, para avanzar en m\u00e9tricas y factores de emisi\u00f3n de carbono propios, donde se est\u00e1n discutiendo actualmente diferentes metodolog\u00edas de medici\u00f3n. Y tambi\u00e9n al trabajo de simplificaci\u00f3n en relaci\u00f3n a los tr\u00e1mites aduaneros para acceder a los mercados externos, &#8220;es algo en lo que estamos trabajando en conjunto con todas las \u00e1reas del Poder Ejecutivo&#8221;, afirmaron desde Bioeconom\u00eda.<\/p>\n\n\n\n<p>Durante la jornada de trabajo p\u00fablico-privada, se abordaron diversos temas de inter\u00e9s com\u00fan, incluyendo: tendencias del mercado agropecuario global, barreras comerciales y regulaciones sanitarias, oportunidades de inversi\u00f3n y cooperaci\u00f3n t\u00e9cnica, desaf\u00edos relacionados con la log\u00edstica y la cadena de suministro, estrategias de promoci\u00f3n y posicionamiento de los productos argentinos y compromiso con la promoci\u00f3n de los productos argentinos.<\/p>\n\n\n\n<p>En este sentido, se busc\u00f3 analizar la situaci\u00f3n actual del mercado agropecuario internacional, as\u00ed como coordinar estrategias diferenciales para promover los productos agroalimentarios argentinos en estos mercados, atendiendo a las demandas espec\u00edficas del sector empresario exportador.<\/p>\n\n\n\n<p>Por su parte, los Consejeros Agr\u00edcolas reafirmaron su compromiso con la promoci\u00f3n de los productos agropecuarios argentinos en los mercados internacionales y se comprometieron a trabajar en estrecha colaboraci\u00f3n con la Secretar\u00eda para identificar oportunidades de negocio y superar obst\u00e1culos comerciales.<\/p>\n\n\n\n<p>Tambi\u00e9n participaron el director nacional de Relaciones Internacionales, Maximiliano Moreno; el director Cooperaci\u00f3n y Negociaciones Bilaterales, Santiago Bonifacio y Gisela Sciorto, de la misma Direcci\u00f3n, entre otros funcionarios y t\u00e9cnicos.<\/p>\n","protected":false},"excerpt":{"rendered":"<p>La reuni\u00f3n comport\u00f3 la necesidad de afianzar la cooperaci\u00f3n y el intercambio de informaci\u00f3n con destinos clave para el comercio agropecuario como China, India, Uni\u00f3n Europea, Estados Unidos, Brasil y Rusia al tiempo que escuchar las demandas espec\u00edficas del sector privado. El secretario de Bioeconom\u00eda, Fernando Vilella, junto con los Consejeros Agr\u00edcolas en la Uni\u00f3n [&hellip;]<\/p>\n","protected":false},"author":2,"featured_media":469,"comment_status":"open","ping_status":"open","sticky":false,"template":"","format":"standard","meta":{"footnotes":""},"categories":[26],"tags":[68,67],"class_list":{"0":"post-468","1":"post","2":"type-post","3":"status-publish","4":"format-standard","5":"has-post-thumbnail","7":"category-nacionales","8":"tag-bioeconomia","9":"tag-campo"},"aioseo_notices":[],"_links":{"self":[{"href":"https:\/\/lalupa24.com.ar\/index.php\/wp-json\/wp\/v2\/posts\/468","targetHints":{"allow":["GET"]}}],"collection":[{"href":"https:\/\/lalupa24.com.ar\/index.php\/wp-json\/wp\/v2\/posts"}],"about":[{"href":"https:\/\/lalupa24.com.ar\/index.php\/wp-json\/wp\/v2\/types\/post"}],"author":[{"embeddable":true,"href":"https:\/\/lalupa24.com.ar\/index.php\/wp-json\/wp\/v2\/users\/2"}],"replies":[{"embeddable":true,"href":"https:\/\/lalupa24.com.ar\/index.php\/wp-json\/wp\/v2\/comments?post=468"}],"version-history":[{"count":1,"href":"https:\/\/lalupa24.com.ar\/index.php\/wp-json\/wp\/v2\/posts\/468\/revisions"}],"predecessor-version":[{"id":470,"href":"https:\/\/lalupa24.com.ar\/index.php\/wp-json\/wp\/v2\/posts\/468\/revisions\/470"}],"wp:featuredmedia":[{"embeddable":true,"href":"https:\/\/lalupa24.com.ar\/index.php\/wp-json\/wp\/v2\/media\/469"}],"wp:attachment":[{"href":"https:\/\/lalupa24.com.ar\/index.php\/wp-json\/wp\/v2\/media?parent=468"}],"wp:term":[{"taxonomy":"category","embeddable":true,"href":"https:\/\/lalupa24.com.ar\/index.php\/wp-json\/wp\/v2\/categories?post=468"},{"taxonomy":"post_tag","embeddable":true,"href":"https:\/\/lalupa24.com.ar\/index.php\/wp-json\/wp\/v2\/tags?post=468"}],"curies":[{"name":"wp","href":"https:\/\/api.w.org\/{rel}","templated":true}]}}