{"id":4711,"date":"2025-03-13T10:26:01","date_gmt":"2025-03-13T13:26:01","guid":{"rendered":"https:\/\/lalupa24.com.ar\/?p=4711"},"modified":"2025-03-13T10:26:02","modified_gmt":"2025-03-13T13:26:02","slug":"patricia-bullrich-dijo-que-los-barrabravas-de-la-violenta-marcha-frente-al-congreso-fueron-preparados-para-matar","status":"publish","type":"post","link":"https:\/\/lalupa24.com.ar\/index.php\/2025\/03\/13\/patricia-bullrich-dijo-que-los-barrabravas-de-la-violenta-marcha-frente-al-congreso-fueron-preparados-para-matar\/","title":{"rendered":"Patricia Bullrich dijo que los barrabravas de la violenta marcha frente al Congreso fueron \u201cpreparados para matar\u201d"},"content":{"rendered":"\n<p>La&nbsp;<strong>ministra de Seguridad nacional<\/strong>,&nbsp;<strong>Patricia Bullrich<\/strong>, advirti\u00f3 esta noche sobre la \u00abgravedad\u00bb de los incidentes ocurridos durante la marcha en el Congreso, se\u00f1alando que los disturbios fueron causados por \u00abgente que se nuclea pol\u00edticamente para voltear al Gobierno\u00bb. Seg\u00fan Bullrich, los manifestantes \u00abvinieron preparados para matar\u00bb.<\/p>\n\n\n\n<p><strong>El an\u00e1lisis de la ministra:<\/strong><br>Bullrich hizo un an\u00e1lisis detallado de las&nbsp;<strong>cuatro horas de desmanes<\/strong>&nbsp;que se desarrollaron en torno al Congreso, en el tercer d\u00eda de duelo nacional por la tragedia de Bah\u00eda Blanca, mientras se realizaba una sesi\u00f3n en la C\u00e1mara de Diputados. En la protesta, que inicialmente estuvo encabezada por jubilados, se sumaron&nbsp;<strong>barras bravas de clubes de f\u00fatbol<\/strong>&nbsp;con consignas pol\u00edticas opositoras. La ministra indic\u00f3 que estos grupos \u00abven\u00edan a todo, a tomar el Congreso\u00bb.<\/p>\n\n\n\n<p><strong>Armas y violencia:<\/strong><br>\u00abLa polic\u00eda secuestr\u00f3&nbsp;<strong>armas de fuego<\/strong>,&nbsp;<strong>armas blancas<\/strong>&nbsp;y&nbsp;<strong>miguelitos<\/strong>&nbsp;(clavos para pinchar los neum\u00e1ticos de los veh\u00edculos)\u00bb, inform\u00f3 Bullrich. Adem\u00e1s, asegur\u00f3 que&nbsp;<strong>hay heridos entre las fuerzas de seguridad<\/strong>, y lament\u00f3 los&nbsp;<strong>da\u00f1os a las patrullas<\/strong>. La ministra reiter\u00f3 que los manifestantes no solo atacaron a las fuerzas de seguridad, sino que tambi\u00e9n causaron da\u00f1os significativos en la ciudad.<\/p>\n\n\n\n<p><strong>Aportes de sectores pol\u00edticos y sindicales:<\/strong><br>Bullrich explic\u00f3 que las marchas, que inicialmente consist\u00edan en un peque\u00f1o grupo de jubilados, fueron incrementando su tama\u00f1o y complejidad con la participaci\u00f3n de&nbsp;<strong>la izquierda, el Polo Obrero<\/strong>, y posteriormente de los&nbsp;<strong>barras bravas<\/strong>. Seg\u00fan la ministra, algunos de estos grupos estar\u00edan \u00abbancados por los intendentes y dirigentes sindicales\u00bb, lo que genera una mezcla de&nbsp;<strong>narcopol\u00edtica<\/strong>&nbsp;en la protesta.<\/p>\n\n\n\n<p><strong>Demandas y medidas legales:<\/strong><br>La ministra adelant\u00f3 que desde el Ministerio de Seguridad se est\u00e1n preparando&nbsp;<strong>demandas<\/strong>&nbsp;contra los activistas responsables de los disturbios. \u00abLas demandas incluir\u00e1n figuras penales por&nbsp;<strong>ataques<\/strong>&nbsp;a las fuerzas de seguridad,&nbsp;<strong>da\u00f1os a la ciudad<\/strong>&nbsp;y&nbsp;<strong>lesiones a los polic\u00edas<\/strong>\u00ab, se\u00f1al\u00f3 Bullrich.<\/p>\n\n\n\n<p><strong>Pol\u00edtica de seguridad y lucha contra la violencia:<\/strong><br>Bullrich enfatiz\u00f3 que, bajo el gobierno de&nbsp;<strong>Javier Milei<\/strong>, existe una \u00abdecisi\u00f3n pol\u00edtica\u00bb para&nbsp;<strong>combatir la violencia<\/strong>&nbsp;en el pa\u00eds. Reiter\u00f3 su lema:&nbsp;<strong>\u00abEl que las hace, las paga\u00bb<\/strong>&nbsp;y afirm\u00f3 que se&nbsp;<strong>identificar\u00e1n a todos los responsables<\/strong>&nbsp;de los disturbios. Adem\u00e1s, critic\u00f3 a los barras bravas que se suman a manifestaciones pol\u00edticas, anticipando que el gobierno impulsar\u00e1 una&nbsp;<strong>Ley Anti-barras<\/strong>&nbsp;para prohibir completamente las&nbsp;<strong>barrabravas<\/strong>&nbsp;y tratar a los dirigentes que las apoyan como parte de una&nbsp;<strong>asociaci\u00f3n il\u00edcita<\/strong>.<\/p>\n\n\n\n<p><strong>Repudio a los ataques al periodismo:<\/strong><br>La ministra tambi\u00e9n repudi\u00f3 los ataques a los periodistas que cubr\u00edan la marcha, destacando que con la polic\u00eda&nbsp;<strong>federal<\/strong>&nbsp;tuvieron que&nbsp;<strong>sacar a Manu Jove<\/strong>&nbsp;del lugar, ya que \u00ablo quer\u00edan matar\u00bb. Bullrich subray\u00f3 que estos grupos violentos \u00abquieren voltear al Gobierno a como d\u00e9 lugar\u00bb y se cuestion\u00f3&nbsp;<strong>qui\u00e9n est\u00e1 financiando a los barras bravas<\/strong>&nbsp;para generar este nivel de violencia.<\/p>\n\n\n\n<p><strong>Leyes m\u00e1s duras y lucha contra la delincuencia:<\/strong><br>La ministra insisti\u00f3 en la necesidad de&nbsp;<strong>leyes m\u00e1s duras<\/strong>&nbsp;para enfrentar la violencia, asegurando que los&nbsp;<strong>delincuentes<\/strong>&nbsp;no quedar\u00e1n impunes. Adem\u00e1s, subray\u00f3 que el gobierno continuar\u00e1 impidiendo&nbsp;<strong>alianzas con barrabravas<\/strong>&nbsp;que se montan sobre causas leg\u00edtimas como la de los&nbsp;<strong>jubilados<\/strong>. \u00abHacer pol\u00edtica con la delincuencia es lo peor que le puede pasar al pa\u00eds\u00bb, advirti\u00f3 Bullrich.<\/p>\n\n\n\n<p><strong>Reclamo a la Justicia:<\/strong><br>Finalmente, Bullrich solicit\u00f3 que la&nbsp;<strong>justicia<\/strong>&nbsp;procese a todos los detenidos y permita la&nbsp;<strong>identificaci\u00f3n facial<\/strong>&nbsp;de los involucrados. \u00abNuestra responsabilidad es dar todos los elementos a la justicia para que act\u00fae y no queden impunes los que rompen, destruyen y quieren que le vaya mal al pa\u00eds\u00bb, concluy\u00f3.<\/p>\n","protected":false},"excerpt":{"rendered":"<p>La&nbsp;ministra de Seguridad nacional,&nbsp;Patricia Bullrich, advirti\u00f3 esta noche sobre la \u00abgravedad\u00bb de los incidentes ocurridos durante la marcha en el Congreso, se\u00f1alando que los disturbios fueron causados por \u00abgente que se nuclea pol\u00edticamente para voltear al Gobierno\u00bb. Seg\u00fan Bullrich, los manifestantes \u00abvinieron preparados para matar\u00bb. El an\u00e1lisis de la ministra:Bullrich hizo un an\u00e1lisis detallado de [&hellip;]<\/p>\n","protected":false},"author":2,"featured_media":4713,"comment_status":"open","ping_status":"open","sticky":false,"template":"","format":"standard","meta":{"footnotes":""},"categories":[26],"tags":[],"class_list":{"0":"post-4711","1":"post","2":"type-post","3":"status-publish","4":"format-standard","5":"has-post-thumbnail","7":"category-nacionales"},"aioseo_notices":[],"_links":{"self":[{"href":"https:\/\/lalupa24.com.ar\/index.php\/wp-json\/wp\/v2\/posts\/4711","targetHints":{"allow":["GET"]}}],"collection":[{"href":"https:\/\/lalupa24.com.ar\/index.php\/wp-json\/wp\/v2\/posts"}],"about":[{"href":"https:\/\/lalupa24.com.ar\/index.php\/wp-json\/wp\/v2\/types\/post"}],"author":[{"embeddable":true,"href":"https:\/\/lalupa24.com.ar\/index.php\/wp-json\/wp\/v2\/users\/2"}],"replies":[{"embeddable":true,"href":"https:\/\/lalupa24.com.ar\/index.php\/wp-json\/wp\/v2\/comments?post=4711"}],"version-history":[{"count":1,"href":"https:\/\/lalupa24.com.ar\/index.php\/wp-json\/wp\/v2\/posts\/4711\/revisions"}],"predecessor-version":[{"id":4719,"href":"https:\/\/lalupa24.com.ar\/index.php\/wp-json\/wp\/v2\/posts\/4711\/revisions\/4719"}],"wp:featuredmedia":[{"embeddable":true,"href":"https:\/\/lalupa24.com.ar\/index.php\/wp-json\/wp\/v2\/media\/4713"}],"wp:attachment":[{"href":"https:\/\/lalupa24.com.ar\/index.php\/wp-json\/wp\/v2\/media?parent=4711"}],"wp:term":[{"taxonomy":"category","embeddable":true,"href":"https:\/\/lalupa24.com.ar\/index.php\/wp-json\/wp\/v2\/categories?post=4711"},{"taxonomy":"post_tag","embeddable":true,"href":"https:\/\/lalupa24.com.ar\/index.php\/wp-json\/wp\/v2\/tags?post=4711"}],"curies":[{"name":"wp","href":"https:\/\/api.w.org\/{rel}","templated":true}]}}