{"id":4726,"date":"2025-03-13T10:30:18","date_gmt":"2025-03-13T13:30:18","guid":{"rendered":"https:\/\/lalupa24.com.ar\/?p=4726"},"modified":"2025-03-13T10:30:19","modified_gmt":"2025-03-13T13:30:19","slug":"mas-de-la-mitad-de-los-detenidos-por-los-incidentes-en-el-congreso-tiene-graves-antecedentes-penales","status":"publish","type":"post","link":"https:\/\/lalupa24.com.ar\/index.php\/2025\/03\/13\/mas-de-la-mitad-de-los-detenidos-por-los-incidentes-en-el-congreso-tiene-graves-antecedentes-penales\/","title":{"rendered":"M\u00e1s de la mitad de los detenidos por los incidentes en el Congreso tiene graves antecedentes penales"},"content":{"rendered":"\n<p>El jefe de Gobierno de la Ciudad de Buenos Aires,&nbsp;<strong>Jorge Macri<\/strong>, anunci\u00f3 que presentar\u00e1 una denuncia judicial junto con el gobierno nacional contra los responsables de los violentos incidentes ocurridos en el Congreso. Macri afirm\u00f3 que ya cuentan con pruebas y seguir\u00e1n recabando m\u00e1s para armar una causa \u201ccontundente\u201d.<\/p>\n\n\n\n<p>En una conferencia de prensa, Macri asegur\u00f3 que&nbsp;<strong>m\u00e1s de la mitad de los detenidos<\/strong>&nbsp;por los incidentes tienen&nbsp;<strong>graves antecedentes penales<\/strong>. \u00abVamos a perseguirlos hasta el final\u00bb, afirm\u00f3, destacando que los responsables de los disturbios act\u00faan de manera organizada para sembrar el caos en la ciudad. Adem\u00e1s, subray\u00f3 que estos grupos violentos \u00abhacen de la violencia su sistema de vida\u00bb.<\/p>\n\n\n\n<p><strong>Balance de los disturbios:<\/strong><\/p>\n\n\n\n<ul class=\"wp-block-list\">\n<li><strong>20 polic\u00edas heridos<\/strong><\/li>\n\n\n\n<li><strong>25 civiles lesionados<\/strong>, uno de ellos en estado cr\u00edtico<\/li>\n\n\n\n<li><strong>90 contenedores de basura vandalizados<\/strong>, algunos incendiados<\/li>\n\n\n\n<li><strong>Da\u00f1os materiales superiores a los 260 millones de pesos<\/strong><\/li>\n<\/ul>\n\n\n\n<p>El mandatario destac\u00f3 tambi\u00e9n la actuaci\u00f3n de la&nbsp;<strong>Polic\u00eda de la Ciudad<\/strong>, asegurando que, sin su intervenci\u00f3n, los da\u00f1os hubieran sido mucho mayores. Reafirm\u00f3 su postura de \u201c<strong>tolerancia cero<\/strong>\u201d hacia estos grupos violentos y expres\u00f3 que su gobierno garantizar\u00e1&nbsp;<strong>orden, autoridad y seguridad<\/strong>&nbsp;para todos los porte\u00f1os.<\/p>\n\n\n\n<p><strong>Detenciones:<\/strong><br>Un total de&nbsp;<strong>94 personas<\/strong>&nbsp;fueron detenidas y ser\u00e1n acusadas por da\u00f1os a veh\u00edculos y comercios, as\u00ed como por agresiones al personal policial.<\/p>\n\n\n\n<p>Macri concluy\u00f3 con un firme mensaje: en la Ciudad de Buenos Aires, \u201c<strong>nadie est\u00e1 por encima de la ley<\/strong>\u201d.<\/p>\n\n\n\n<p><\/p>\n","protected":false},"excerpt":{"rendered":"<p>El jefe de Gobierno de la Ciudad de Buenos Aires,&nbsp;Jorge Macri, anunci\u00f3 que presentar\u00e1 una denuncia judicial junto con el gobierno nacional contra los responsables de los violentos incidentes ocurridos en el Congreso. Macri afirm\u00f3 que ya cuentan con pruebas y seguir\u00e1n recabando m\u00e1s para armar una causa \u201ccontundente\u201d. En una conferencia de prensa, Macri [&hellip;]<\/p>\n","protected":false},"author":2,"featured_media":4712,"comment_status":"open","ping_status":"open","sticky":false,"template":"","format":"standard","meta":{"footnotes":""},"categories":[26],"tags":[],"class_list":{"0":"post-4726","1":"post","2":"type-post","3":"status-publish","4":"format-standard","5":"has-post-thumbnail","7":"category-nacionales"},"aioseo_notices":[],"_links":{"self":[{"href":"https:\/\/lalupa24.com.ar\/index.php\/wp-json\/wp\/v2\/posts\/4726","targetHints":{"allow":["GET"]}}],"collection":[{"href":"https:\/\/lalupa24.com.ar\/index.php\/wp-json\/wp\/v2\/posts"}],"about":[{"href":"https:\/\/lalupa24.com.ar\/index.php\/wp-json\/wp\/v2\/types\/post"}],"author":[{"embeddable":true,"href":"https:\/\/lalupa24.com.ar\/index.php\/wp-json\/wp\/v2\/users\/2"}],"replies":[{"embeddable":true,"href":"https:\/\/lalupa24.com.ar\/index.php\/wp-json\/wp\/v2\/comments?post=4726"}],"version-history":[{"count":1,"href":"https:\/\/lalupa24.com.ar\/index.php\/wp-json\/wp\/v2\/posts\/4726\/revisions"}],"predecessor-version":[{"id":4727,"href":"https:\/\/lalupa24.com.ar\/index.php\/wp-json\/wp\/v2\/posts\/4726\/revisions\/4727"}],"wp:featuredmedia":[{"embeddable":true,"href":"https:\/\/lalupa24.com.ar\/index.php\/wp-json\/wp\/v2\/media\/4712"}],"wp:attachment":[{"href":"https:\/\/lalupa24.com.ar\/index.php\/wp-json\/wp\/v2\/media?parent=4726"}],"wp:term":[{"taxonomy":"category","embeddable":true,"href":"https:\/\/lalupa24.com.ar\/index.php\/wp-json\/wp\/v2\/categories?post=4726"},{"taxonomy":"post_tag","embeddable":true,"href":"https:\/\/lalupa24.com.ar\/index.php\/wp-json\/wp\/v2\/tags?post=4726"}],"curies":[{"name":"wp","href":"https:\/\/api.w.org\/{rel}","templated":true}]}}