{"id":4728,"date":"2025-03-13T10:31:22","date_gmt":"2025-03-13T13:31:22","guid":{"rendered":"https:\/\/lalupa24.com.ar\/?p=4728"},"modified":"2025-03-13T10:31:24","modified_gmt":"2025-03-13T13:31:24","slug":"una-jueza-libero-en-tiempo-record-a-la-mayoria-de-los-detenidos-y-provoco-el-enojo-del-gobierno","status":"publish","type":"post","link":"https:\/\/lalupa24.com.ar\/index.php\/2025\/03\/13\/una-jueza-libero-en-tiempo-record-a-la-mayoria-de-los-detenidos-y-provoco-el-enojo-del-gobierno\/","title":{"rendered":"Una jueza liber\u00f3 en tiempo r\u00e9cord a la mayor\u00eda de los detenidos y provoc\u00f3 el enojo del Gobierno"},"content":{"rendered":"\n<p>Horas despu\u00e9s de los violentos incidentes ocurridos durante la marcha por los jubilados en el Congreso,&nbsp;<strong>114 personas detenidas<\/strong>&nbsp;fueron liberadas por la jueza&nbsp;<strong>Karina Andrade<\/strong>, titular del Juzgado de Primera Instancia en lo Penal, Contravencional y de Faltas N\u00b0 15. La mayor\u00eda de los detenidos,&nbsp;<strong>94 personas<\/strong>, hab\u00edan sido aprehendidas por la&nbsp;<strong>Polic\u00eda de la Ciudad<\/strong>&nbsp;por atentado y resistencia a la autoridad.<\/p>\n\n\n\n<p>En su resoluci\u00f3n, Andrade argument\u00f3 que, al considerar el derecho constitucional a la protesta y la manifestaci\u00f3n en democracia, no ve\u00eda justificaci\u00f3n para la detenci\u00f3n, subrayando la&nbsp;<strong>importancia de los derechos de los adultos mayores<\/strong>&nbsp;que fueron los convocantes. Tambi\u00e9n mencion\u00f3 que la aplicaci\u00f3n del tr\u00e1mite de flagrancia no correspond\u00eda en este caso debido a la complejidad de los derechos involucrados.<\/p>\n\n\n\n<p><strong>Reacciones del Gobierno:<\/strong><br>El&nbsp;<strong>jefe de Gabinete<\/strong>,&nbsp;<strong>Guillermo Francos<\/strong>, lament\u00f3 la decisi\u00f3n judicial, calific\u00e1ndola de&nbsp;<strong>\u00abdura\u00bb<\/strong>, ya que, seg\u00fan su criterio, no se combate efectivamente la violencia organizada si se liberan a los detenidos pocas horas despu\u00e9s de los hechos.<\/p>\n\n\n\n<p><strong>Detalles de los disturbios:<\/strong><br>La protesta comenz\u00f3 pac\u00edficamente, pero r\u00e1pidamente escal\u00f3 cuando barrabravas se sumaron a la manifestaci\u00f3n, arrojando piedras y proyectiles a las fuerzas de seguridad. La polic\u00eda respondi\u00f3 con balas de goma, gases lacrim\u00f3genos y camiones hidrantes, extendi\u00e9ndose los enfrentamientos por m\u00e1s de tres horas.<\/p>\n\n\n\n<ul class=\"wp-block-list\">\n<li><strong>Heridos:<\/strong>\n<ul class=\"wp-block-list\">\n<li><strong>46 personas heridas<\/strong>, de las cuales\u00a0<strong>26 son polic\u00edas<\/strong><\/li>\n\n\n\n<li><strong>Pablo Grillo<\/strong>, reportero gr\u00e1fico,\u00a0<strong>grave<\/strong>\u00a0por una lesi\u00f3n en la cabeza<\/li>\n\n\n\n<li><strong>Cinco polic\u00edas<\/strong>\u00a0permanecen internados<\/li>\n<\/ul>\n<\/li>\n\n\n\n<li><strong>Da\u00f1os materiales:<\/strong>\n<ul class=\"wp-block-list\">\n<li><strong>Seis m\u00f3viles y dos patrulleros<\/strong>\u00a0da\u00f1ados<\/li>\n\n\n\n<li><strong>Vandalizaci\u00f3n de cestos, contenedores y veredas<\/strong><\/li>\n\n\n\n<li><strong>Da\u00f1os materiales estimados en 275 millones de pesos<\/strong><\/li>\n<\/ul>\n<\/li>\n<\/ul>\n\n\n\n<p>Fuentes de la Polic\u00eda de la Ciudad informaron que a\u00fan permanecen detenidos&nbsp;<strong>tres hombres<\/strong>&nbsp;con&nbsp;<strong>armas<\/strong>&nbsp;incautadas por la Polic\u00eda Federal en la terminal de trenes de Retiro.<\/p>\n","protected":false},"excerpt":{"rendered":"<p>Horas despu\u00e9s de los violentos incidentes ocurridos durante la marcha por los jubilados en el Congreso,&nbsp;114 personas detenidas&nbsp;fueron liberadas por la jueza&nbsp;Karina Andrade, titular del Juzgado de Primera Instancia en lo Penal, Contravencional y de Faltas N\u00b0 15. La mayor\u00eda de los detenidos,&nbsp;94 personas, hab\u00edan sido aprehendidas por la&nbsp;Polic\u00eda de la Ciudad&nbsp;por atentado y resistencia [&hellip;]<\/p>\n","protected":false},"author":2,"featured_media":4718,"comment_status":"open","ping_status":"open","sticky":false,"template":"","format":"standard","meta":{"footnotes":""},"categories":[27],"tags":[],"class_list":{"0":"post-4728","1":"post","2":"type-post","3":"status-publish","4":"format-standard","5":"has-post-thumbnail","7":"category-interior"},"aioseo_notices":[],"_links":{"self":[{"href":"https:\/\/lalupa24.com.ar\/index.php\/wp-json\/wp\/v2\/posts\/4728","targetHints":{"allow":["GET"]}}],"collection":[{"href":"https:\/\/lalupa24.com.ar\/index.php\/wp-json\/wp\/v2\/posts"}],"about":[{"href":"https:\/\/lalupa24.com.ar\/index.php\/wp-json\/wp\/v2\/types\/post"}],"author":[{"embeddable":true,"href":"https:\/\/lalupa24.com.ar\/index.php\/wp-json\/wp\/v2\/users\/2"}],"replies":[{"embeddable":true,"href":"https:\/\/lalupa24.com.ar\/index.php\/wp-json\/wp\/v2\/comments?post=4728"}],"version-history":[{"count":1,"href":"https:\/\/lalupa24.com.ar\/index.php\/wp-json\/wp\/v2\/posts\/4728\/revisions"}],"predecessor-version":[{"id":4729,"href":"https:\/\/lalupa24.com.ar\/index.php\/wp-json\/wp\/v2\/posts\/4728\/revisions\/4729"}],"wp:featuredmedia":[{"embeddable":true,"href":"https:\/\/lalupa24.com.ar\/index.php\/wp-json\/wp\/v2\/media\/4718"}],"wp:attachment":[{"href":"https:\/\/lalupa24.com.ar\/index.php\/wp-json\/wp\/v2\/media?parent=4728"}],"wp:term":[{"taxonomy":"category","embeddable":true,"href":"https:\/\/lalupa24.com.ar\/index.php\/wp-json\/wp\/v2\/categories?post=4728"},{"taxonomy":"post_tag","embeddable":true,"href":"https:\/\/lalupa24.com.ar\/index.php\/wp-json\/wp\/v2\/tags?post=4728"}],"curies":[{"name":"wp","href":"https:\/\/api.w.org\/{rel}","templated":true}]}}