{"id":4740,"date":"2025-03-15T13:46:21","date_gmt":"2025-03-15T16:46:21","guid":{"rendered":"https:\/\/lalupa24.com.ar\/?p=4740"},"modified":"2025-03-15T13:46:22","modified_gmt":"2025-03-15T16:46:22","slug":"javier-milei-lanza-su-campana-en-medio-de-tensiones-sociales-y-acusaciones-de-desestabilizacion","status":"publish","type":"post","link":"https:\/\/lalupa24.com.ar\/index.php\/2025\/03\/15\/javier-milei-lanza-su-campana-en-medio-de-tensiones-sociales-y-acusaciones-de-desestabilizacion\/","title":{"rendered":"Javier Milei lanza su campa\u00f1a en medio de tensiones sociales y acusaciones de desestabilizaci\u00f3n"},"content":{"rendered":"\n<p>El presidente argentino, Javier Milei, inici\u00f3 su campa\u00f1a electoral con una visita a Expoagro, en un contexto de crecientes tensiones sociales y denuncias de intentos de desestabilizaci\u00f3n. Acompa\u00f1ado por figuras destacadas como Jos\u00e9 Luis Espert, Patricia Bullrich y Manuel Adorni, Milei busc\u00f3 mostrarse cercano al sector agroindustrial y reforzar su imagen de liderazgo.<\/p>\n\n\n\n<p>La presencia de Milei en Expoagro fue ampliamente difundida en redes sociales, donde se compartieron im\u00e1genes y videos del mandatario interactuando con el p\u00fablico y destacando su apoyo al campo argentino. Sin embargo, esta estrategia comunicacional se produce en un momento delicado, tras recientes manifestaciones de jubilados que exig\u00edan aumentos en sus pensiones y que culminaron en enfrentamientos con la polic\u00eda, dejando un saldo de m\u00e1s de 120 detenidos y 45 heridos.<\/p>\n\n\n\n<p>El gobierno ha acusado a grupos de hinchas de f\u00fatbol y barrabravas, supuestamente respaldados por sectores del peronismo kirchnerista, de intentar desestabilizar al pa\u00eds. La ministra de Seguridad, Patricia Bullrich, afirm\u00f3 que los incidentes forman parte de una estrategia para desestabilizar al gobierno, mientras que la oposici\u00f3n y sindicatos planean m\u00e1s protestas y acciones en contra del ejecutivo, generando una situaci\u00f3n de creciente tensi\u00f3n y conflicto social en el pa\u00eds.<\/p>\n\n\n\n<p>En este clima de polarizaci\u00f3n, Milei enfrenta tambi\u00e9n cuestionamientos por su promoci\u00f3n de una universidad privada, Eseade, lo que ha derivado en una denuncia ante la Oficina Anticorrupci\u00f3n por presunta violaci\u00f3n de la Ley de \u00c9tica P\u00fablica. Legisladores de la oposici\u00f3n lo acusan de utilizar su posici\u00f3n presidencial y recursos p\u00fablicos para campa\u00f1as publicitarias que ofrecen becas, generando un posible conflicto de intereses.<\/p>\n\n\n\n<p>Mientras tanto, el jefe de Gobierno de Buenos Aires, Jorge Macri, revel\u00f3 haber votado por Milei en las elecciones nacionales, aunque expres\u00f3 diferencias con su estilo comunicativo y algunas pol\u00edticas. Macri enfatiz\u00f3 la necesidad de un Estado eficiente y la importancia de la inversi\u00f3n en infraestructura, destacando su compromiso con la planificaci\u00f3n urbana y el equilibrio fiscal.<\/p>\n\n\n\n<p>La combinaci\u00f3n de la campa\u00f1a electoral de Milei, las crecientes tensiones sociales y las acusaciones de desestabilizaci\u00f3n configuran un escenario complejo en Argentina. La sociedad observa con atenci\u00f3n c\u00f3mo se desarrollar\u00e1n estos acontecimientos en los pr\u00f3ximos meses, en medio de un clima de incertidumbre y polarizaci\u00f3n pol\u00edtica.<\/p>\n","protected":false},"excerpt":{"rendered":"<p>El presidente argentino, Javier Milei, inici\u00f3 su campa\u00f1a electoral con una visita a Expoagro, en un contexto de crecientes tensiones sociales y denuncias de intentos de desestabilizaci\u00f3n. Acompa\u00f1ado por figuras destacadas como Jos\u00e9 Luis Espert, Patricia Bullrich y Manuel Adorni, Milei busc\u00f3 mostrarse cercano al sector agroindustrial y reforzar su imagen de liderazgo. La presencia [&hellip;]<\/p>\n","protected":false},"author":2,"featured_media":4741,"comment_status":"open","ping_status":"open","sticky":false,"template":"","format":"standard","meta":{"footnotes":""},"categories":[26],"tags":[],"class_list":{"0":"post-4740","1":"post","2":"type-post","3":"status-publish","4":"format-standard","5":"has-post-thumbnail","7":"category-nacionales"},"aioseo_notices":[],"_links":{"self":[{"href":"https:\/\/lalupa24.com.ar\/index.php\/wp-json\/wp\/v2\/posts\/4740","targetHints":{"allow":["GET"]}}],"collection":[{"href":"https:\/\/lalupa24.com.ar\/index.php\/wp-json\/wp\/v2\/posts"}],"about":[{"href":"https:\/\/lalupa24.com.ar\/index.php\/wp-json\/wp\/v2\/types\/post"}],"author":[{"embeddable":true,"href":"https:\/\/lalupa24.com.ar\/index.php\/wp-json\/wp\/v2\/users\/2"}],"replies":[{"embeddable":true,"href":"https:\/\/lalupa24.com.ar\/index.php\/wp-json\/wp\/v2\/comments?post=4740"}],"version-history":[{"count":1,"href":"https:\/\/lalupa24.com.ar\/index.php\/wp-json\/wp\/v2\/posts\/4740\/revisions"}],"predecessor-version":[{"id":4742,"href":"https:\/\/lalupa24.com.ar\/index.php\/wp-json\/wp\/v2\/posts\/4740\/revisions\/4742"}],"wp:featuredmedia":[{"embeddable":true,"href":"https:\/\/lalupa24.com.ar\/index.php\/wp-json\/wp\/v2\/media\/4741"}],"wp:attachment":[{"href":"https:\/\/lalupa24.com.ar\/index.php\/wp-json\/wp\/v2\/media?parent=4740"}],"wp:term":[{"taxonomy":"category","embeddable":true,"href":"https:\/\/lalupa24.com.ar\/index.php\/wp-json\/wp\/v2\/categories?post=4740"},{"taxonomy":"post_tag","embeddable":true,"href":"https:\/\/lalupa24.com.ar\/index.php\/wp-json\/wp\/v2\/tags?post=4740"}],"curies":[{"name":"wp","href":"https:\/\/api.w.org\/{rel}","templated":true}]}}