{"id":4749,"date":"2025-03-15T13:49:51","date_gmt":"2025-03-15T16:49:51","guid":{"rendered":"https:\/\/lalupa24.com.ar\/?p=4749"},"modified":"2025-03-15T13:49:53","modified_gmt":"2025-03-15T16:49:53","slug":"la-cgt-avanza-hacia-su-tercer-paro-general-sin-su-ala-dialoguista-pero-teme-duras-represalias-del-gobierno","status":"publish","type":"post","link":"https:\/\/lalupa24.com.ar\/index.php\/2025\/03\/15\/la-cgt-avanza-hacia-su-tercer-paro-general-sin-su-ala-dialoguista-pero-teme-duras-represalias-del-gobierno\/","title":{"rendered":"La CGT avanza hacia su tercer paro general sin su ala dialoguista, pero teme duras represalias del Gobierno"},"content":{"rendered":"\n<p>La Confederaci\u00f3n General del Trabajo (CGT) se encuentra en la antesala de su tercer paro general contra el gobierno de Javier Milei, en un contexto donde la tradicional ala dialoguista ha adoptado una postura m\u00e1s confrontativa. Esta transformaci\u00f3n en la estrategia sindical responde a la percepci\u00f3n de una falta de voluntad del Ejecutivo para entablar negociaciones significativas, especialmente despu\u00e9s del esc\u00e1ndalo conocido como \u00abcriptogate\u00bb.<\/p>\n\n\n\n<p>H\u00e9ctor Daer, l\u00edder del gremio de Sanidad y anteriormente reconocido por su enfoque moderado, ha emergido como una figura central en la oposici\u00f3n sindical al gobierno. Este cambio de actitud se atribuye, en parte, a las pr\u00f3ximas elecciones internas en su sindicato y en la CGT, as\u00ed como a su alineaci\u00f3n con el proyecto pol\u00edtico de Axel Kicillof, actual gobernador de la provincia de Buenos Aires.<\/p>\n\n\n\n<p>La CGT teme que el gobierno tome represalias en respuesta al paro, como el impulso de leyes que podr\u00edan debilitar el poder sindical y la posibilidad de auditor\u00edas exhaustivas a obras sociales con problemas financieros, incluyendo las de gremios como Camioneros, la Uni\u00f3n Obrera Metal\u00fargica (UOM) y la Uni\u00f3n Tranviarios Automotor (UTA). Estas medidas podr\u00edan afectar significativamente la capacidad operativa y financiera de los sindicatos involucrados.<\/p>\n\n\n\n<p>El presidente Milei ha mantenido una postura firme frente a las demandas sindicales, y es probable que busque avanzar en reformas laborales que promuevan la democracia sindical. Entre las propuestas destacadas se encuentra la llamada \u00abLey Tetaz\u00bb, que busca limitar la reelecci\u00f3n indefinida de los dirigentes gremiales, eliminar la cuota solidaria en los convenios colectivos, exigir declaraciones juradas de bienes a los l\u00edderes sindicales y establecer medidas para democratizar la gesti\u00f3n de las obras sociales.<\/p>\n\n\n\n<p>La CGT se enfrenta a un dilema estrat\u00e9gico: intensificar las medidas de fuerza podr\u00eda fortalecer la narrativa gubernamental a favor de las reformas, mientras que una actitud m\u00e1s conciliadora podr\u00eda ser vista como una se\u00f1al de debilidad por sus bases. La central obrera deber\u00e1 calibrar cuidadosamente sus acciones para mantener su relevancia y eficacia en la defensa de los derechos laborales en un entorno pol\u00edtico cada vez m\u00e1s polarizado.<\/p>\n\n\n\n<p>En este escenario, abril se perfila como un mes crucial para la relaci\u00f3n entre el gobierno y los sindicatos. Las decisiones que ambas partes tomen no solo impactar\u00e1n en el \u00e1mbito laboral, sino que tambi\u00e9n podr\u00edan tener repercusiones significativas en el panorama pol\u00edtico y social del pa\u00eds en el corto y mediano plazo.<\/p>\n","protected":false},"excerpt":{"rendered":"<p>La Confederaci\u00f3n General del Trabajo (CGT) se encuentra en la antesala de su tercer paro general contra el gobierno de Javier Milei, en un contexto donde la tradicional ala dialoguista ha adoptado una postura m\u00e1s confrontativa. Esta transformaci\u00f3n en la estrategia sindical responde a la percepci\u00f3n de una falta de voluntad del Ejecutivo para entablar [&hellip;]<\/p>\n","protected":false},"author":2,"featured_media":4750,"comment_status":"open","ping_status":"open","sticky":false,"template":"","format":"standard","meta":{"footnotes":""},"categories":[26],"tags":[],"class_list":{"0":"post-4749","1":"post","2":"type-post","3":"status-publish","4":"format-standard","5":"has-post-thumbnail","7":"category-nacionales"},"aioseo_notices":[],"_links":{"self":[{"href":"https:\/\/lalupa24.com.ar\/index.php\/wp-json\/wp\/v2\/posts\/4749","targetHints":{"allow":["GET"]}}],"collection":[{"href":"https:\/\/lalupa24.com.ar\/index.php\/wp-json\/wp\/v2\/posts"}],"about":[{"href":"https:\/\/lalupa24.com.ar\/index.php\/wp-json\/wp\/v2\/types\/post"}],"author":[{"embeddable":true,"href":"https:\/\/lalupa24.com.ar\/index.php\/wp-json\/wp\/v2\/users\/2"}],"replies":[{"embeddable":true,"href":"https:\/\/lalupa24.com.ar\/index.php\/wp-json\/wp\/v2\/comments?post=4749"}],"version-history":[{"count":1,"href":"https:\/\/lalupa24.com.ar\/index.php\/wp-json\/wp\/v2\/posts\/4749\/revisions"}],"predecessor-version":[{"id":4751,"href":"https:\/\/lalupa24.com.ar\/index.php\/wp-json\/wp\/v2\/posts\/4749\/revisions\/4751"}],"wp:featuredmedia":[{"embeddable":true,"href":"https:\/\/lalupa24.com.ar\/index.php\/wp-json\/wp\/v2\/media\/4750"}],"wp:attachment":[{"href":"https:\/\/lalupa24.com.ar\/index.php\/wp-json\/wp\/v2\/media?parent=4749"}],"wp:term":[{"taxonomy":"category","embeddable":true,"href":"https:\/\/lalupa24.com.ar\/index.php\/wp-json\/wp\/v2\/categories?post=4749"},{"taxonomy":"post_tag","embeddable":true,"href":"https:\/\/lalupa24.com.ar\/index.php\/wp-json\/wp\/v2\/tags?post=4749"}],"curies":[{"name":"wp","href":"https:\/\/api.w.org\/{rel}","templated":true}]}}