{"id":476,"date":"2024-03-08T20:13:24","date_gmt":"2024-03-08T23:13:24","guid":{"rendered":"https:\/\/lalupa24.com.ar\/?p=476"},"modified":"2024-03-08T20:13:24","modified_gmt":"2024-03-08T23:13:24","slug":"polini-no-estoy-de-acuerdo-con-el-aumento-de-sueldo-a-diputados-y-senadores","status":"publish","type":"post","link":"https:\/\/lalupa24.com.ar\/index.php\/2024\/03\/08\/polini-no-estoy-de-acuerdo-con-el-aumento-de-sueldo-a-diputados-y-senadores\/","title":{"rendered":"Polini: &#8220;No estoy de acuerdo con el aumento de sueldo a Diputados y Senadores\u201d"},"content":{"rendered":"\n<h2 class=\"wp-block-heading\">El Diputado Nacional, Juan Carlos Polini, reflexion\u00f3 acerca del panorama actual. <\/h2>\n\n\n\n<p>&#8220;Les quiero compartir mi visi\u00f3n sobre dos aspectos fundamentales que impactan<br>directamente en la vida de todos los argentinos: la situaci\u00f3n econ\u00f3mica que<br>atravesamos y la reciente decisi\u00f3n del Congreso respecto al aumento salarial<br>de los legisladores.<\/p>\n\n\n\n<p>En una reciente entrevista, abord\u00e9 la cuestionada medida que elev\u00f3 los<br>sueldos de los diputados y senadores nacionales. Fue sorprendente constatar<br>que, como representante del pueblo,<strong><em> no est\u00e1bamos al tanto de dicho<br>incremento<\/em><\/strong>. Esto, sin dudas, genera una desconexi\u00f3n entre quienes toman<br>decisiones y la realidad que enfrentamos a diario.<\/p>\n\n\n\n<p>Vivimos en una etapa de dificultades econ\u00f3micas, financieras y morales. Es<br>una realidad dur\u00edsima y hasta insostenible. En este contexto, considero que un<br><strong><em>aumento salarial para los legisladores es una aut\u00e9ntica barrabasada<\/em><\/strong>.<\/p>\n\n\n\n<p>En el \u00e1mbito legislativo, observo un Congreso con ansias de trabajar y<br>participar, pero en ocasiones, <strong><em>obstaculizado por la no voluntad del oficialismo<\/em><\/strong>.<br>El desprestigio entre la ciudadan\u00eda no proviene de nuestra bondad intr\u00ednseca,<br>sino de errores de la propia pol\u00edtica que debemos reconocer y corregir.<\/p>\n\n\n\n<p>En cuanto al Pacto de Mayo, considero vital alcanzar acuerdos, pero <strong><em>sin la<br>participaci\u00f3n activa de los gobernadores y legisladores, dichos acuerdos<br>carecer\u00e1n de la eficacia<\/em><\/strong> necesaria para afrontar los desaf\u00edos que enfrentamos<br>como pa\u00eds.<\/p>\n\n\n\n<p>Mirando hacia adelante, cuestiono la efectividad de los caminos tomados hasta<br>ahora, desde el aumento salarial hasta la ausencia en la reuni\u00f3n con los<br>gobernadores. Creo firmemente que debemos tener m\u00e1s cintura y, como<br>ciudadano, <strong><em>no me arrepiento de haber acompa\u00f1ado con el voto a Milei<\/em><\/strong>, aunque<br>no soy ni adherente, ni amigo, ni admirador suyo.<\/p>\n\n\n\n<p>En cuanto a la agenda legislativa, impulsar la formaci\u00f3n de comisiones es<br>imperativo para abordar la abrumadora cantidad de leyes pendientes. Espero sinceramente que en la pr\u00f3xima semana logremos constituir dichas comisiones y poner en marcha un <strong><em>Congreso que funcione, representando verdaderamente los intereses de la ciudadan\u00eda<\/em><\/strong>.&#8221;<\/p>\n","protected":false},"excerpt":{"rendered":"<p>El Diputado Nacional, Juan Carlos Polini, reflexion\u00f3 acerca del panorama actual. &#8220;Les quiero compartir mi visi\u00f3n sobre dos aspectos fundamentales que impactandirectamente en la vida de todos los argentinos: la situaci\u00f3n econ\u00f3mica queatravesamos y la reciente decisi\u00f3n del Congreso respecto al aumento salarialde los legisladores. En una reciente entrevista, abord\u00e9 la cuestionada medida que elev\u00f3 [&hellip;]<\/p>\n","protected":false},"author":2,"featured_media":477,"comment_status":"open","ping_status":"open","sticky":false,"template":"","format":"standard","meta":{"footnotes":""},"categories":[28],"tags":[73,30,72,70,32,69,74,71,75,33],"class_list":{"0":"post-476","1":"post","2":"type-post","3":"status-publish","4":"format-standard","5":"has-post-thumbnail","7":"category-locales","8":"tag-aumento","9":"tag-chaco","10":"tag-diputado","11":"tag-juan-carlos-polini","12":"tag-leandro-zdero","13":"tag-polini","14":"tag-senado","15":"tag-ucr","16":"tag-union-civica-radical","17":"tag-zdero"},"aioseo_notices":[],"_links":{"self":[{"href":"https:\/\/lalupa24.com.ar\/index.php\/wp-json\/wp\/v2\/posts\/476","targetHints":{"allow":["GET"]}}],"collection":[{"href":"https:\/\/lalupa24.com.ar\/index.php\/wp-json\/wp\/v2\/posts"}],"about":[{"href":"https:\/\/lalupa24.com.ar\/index.php\/wp-json\/wp\/v2\/types\/post"}],"author":[{"embeddable":true,"href":"https:\/\/lalupa24.com.ar\/index.php\/wp-json\/wp\/v2\/users\/2"}],"replies":[{"embeddable":true,"href":"https:\/\/lalupa24.com.ar\/index.php\/wp-json\/wp\/v2\/comments?post=476"}],"version-history":[{"count":3,"href":"https:\/\/lalupa24.com.ar\/index.php\/wp-json\/wp\/v2\/posts\/476\/revisions"}],"predecessor-version":[{"id":480,"href":"https:\/\/lalupa24.com.ar\/index.php\/wp-json\/wp\/v2\/posts\/476\/revisions\/480"}],"wp:featuredmedia":[{"embeddable":true,"href":"https:\/\/lalupa24.com.ar\/index.php\/wp-json\/wp\/v2\/media\/477"}],"wp:attachment":[{"href":"https:\/\/lalupa24.com.ar\/index.php\/wp-json\/wp\/v2\/media?parent=476"}],"wp:term":[{"taxonomy":"category","embeddable":true,"href":"https:\/\/lalupa24.com.ar\/index.php\/wp-json\/wp\/v2\/categories?post=476"},{"taxonomy":"post_tag","embeddable":true,"href":"https:\/\/lalupa24.com.ar\/index.php\/wp-json\/wp\/v2\/tags?post=476"}],"curies":[{"name":"wp","href":"https:\/\/api.w.org\/{rel}","templated":true}]}}