{"id":4768,"date":"2025-03-15T13:59:31","date_gmt":"2025-03-15T16:59:31","guid":{"rendered":"https:\/\/lalupa24.com.ar\/?p=4768"},"modified":"2025-03-15T13:59:33","modified_gmt":"2025-03-15T16:59:33","slug":"luis-caputo-anuncio-que-bajaran-los-impuestos-para-la-importacion-de-ropa-y-calzados","status":"publish","type":"post","link":"https:\/\/lalupa24.com.ar\/index.php\/2025\/03\/15\/luis-caputo-anuncio-que-bajaran-los-impuestos-para-la-importacion-de-ropa-y-calzados\/","title":{"rendered":"Luis Caputo anunci\u00f3 que bajar\u00e1n los impuestos para la importaci\u00f3n de ropa y calzados"},"content":{"rendered":"\n<p>El ministro de Econom\u00eda,\u00a0<strong>Luis Caputo<\/strong>\u00a0anunci\u00f3 que se\u00a0<strong>bajar\u00e1n los\u00a0impuestos\u00a0para la importaci\u00f3n de indumentaria, calzado y telas.\u00a0<\/strong>El anuncio se hizo minutos despu\u00e9s de conocerse el \u00edndice de inflaci\u00f3n de febrero, que marc\u00f3 2,4%, mostrando una pausa en la desaceleraci\u00f3n de la din\u00e1mica de precios.<\/p>\n\n\n\n<p>\u201cCon el objetivo de bajar los precios locales y aumentar la competencia, vamos a rebajar los impuestos a la\u00a0<a href=\"https:\/\/www.perfil.com\/noticias\/economia\/por-que-la-ropa-es-mas-cara-en-la-argentina-que-en-otros-paises.phtml\" title=\"\">importaci\u00f3n de ropa<\/a>, calzado y telas\u201d, indic\u00f3 Caputo en su cuenta de la red social X.<\/p>\n\n\n\n<p>\u201cA partir de un Decreto que se publicar\u00e1 en los pr\u00f3ximos d\u00edas en el Bolet\u00edn Oficial, ser\u00e1n reducidos los a<strong>ranceles de ropa y calzado, que pasar\u00e1n de 35% a 20%;&nbsp;<\/strong>de telas de 26% a 18%; y de los distintos hilados de 18% a 12, 14 y 16%\u201d, detall\u00f3 Caputo.<\/p>\n","protected":false},"excerpt":{"rendered":"<p>El ministro de Econom\u00eda,\u00a0Luis Caputo\u00a0anunci\u00f3 que se\u00a0bajar\u00e1n los\u00a0impuestos\u00a0para la importaci\u00f3n de indumentaria, calzado y telas.\u00a0El anuncio se hizo minutos despu\u00e9s de conocerse el \u00edndice de inflaci\u00f3n de febrero, que marc\u00f3 2,4%, mostrando una pausa en la desaceleraci\u00f3n de la din\u00e1mica de precios. \u201cCon el objetivo de bajar los precios locales y aumentar la competencia, vamos [&hellip;]<\/p>\n","protected":false},"author":2,"featured_media":4769,"comment_status":"open","ping_status":"open","sticky":false,"template":"","format":"standard","meta":{"footnotes":""},"categories":[24],"tags":[],"class_list":{"0":"post-4768","1":"post","2":"type-post","3":"status-publish","4":"format-standard","5":"has-post-thumbnail","7":"category-economia"},"aioseo_notices":[],"_links":{"self":[{"href":"https:\/\/lalupa24.com.ar\/index.php\/wp-json\/wp\/v2\/posts\/4768","targetHints":{"allow":["GET"]}}],"collection":[{"href":"https:\/\/lalupa24.com.ar\/index.php\/wp-json\/wp\/v2\/posts"}],"about":[{"href":"https:\/\/lalupa24.com.ar\/index.php\/wp-json\/wp\/v2\/types\/post"}],"author":[{"embeddable":true,"href":"https:\/\/lalupa24.com.ar\/index.php\/wp-json\/wp\/v2\/users\/2"}],"replies":[{"embeddable":true,"href":"https:\/\/lalupa24.com.ar\/index.php\/wp-json\/wp\/v2\/comments?post=4768"}],"version-history":[{"count":1,"href":"https:\/\/lalupa24.com.ar\/index.php\/wp-json\/wp\/v2\/posts\/4768\/revisions"}],"predecessor-version":[{"id":4770,"href":"https:\/\/lalupa24.com.ar\/index.php\/wp-json\/wp\/v2\/posts\/4768\/revisions\/4770"}],"wp:featuredmedia":[{"embeddable":true,"href":"https:\/\/lalupa24.com.ar\/index.php\/wp-json\/wp\/v2\/media\/4769"}],"wp:attachment":[{"href":"https:\/\/lalupa24.com.ar\/index.php\/wp-json\/wp\/v2\/media?parent=4768"}],"wp:term":[{"taxonomy":"category","embeddable":true,"href":"https:\/\/lalupa24.com.ar\/index.php\/wp-json\/wp\/v2\/categories?post=4768"},{"taxonomy":"post_tag","embeddable":true,"href":"https:\/\/lalupa24.com.ar\/index.php\/wp-json\/wp\/v2\/tags?post=4768"}],"curies":[{"name":"wp","href":"https:\/\/api.w.org\/{rel}","templated":true}]}}