{"id":4771,"date":"2025-03-15T14:01:01","date_gmt":"2025-03-15T17:01:01","guid":{"rendered":"https:\/\/lalupa24.com.ar\/?p=4771"},"modified":"2025-03-15T14:01:03","modified_gmt":"2025-03-15T17:01:03","slug":"milei-pronostica-que-la-inflacion-bajara-del-2-en-abril-o-mayo-segun-los-datos-de-febrero","status":"publish","type":"post","link":"https:\/\/lalupa24.com.ar\/index.php\/2025\/03\/15\/milei-pronostica-que-la-inflacion-bajara-del-2-en-abril-o-mayo-segun-los-datos-de-febrero\/","title":{"rendered":"Milei pronostica que la inflaci\u00f3n bajar\u00e1 del 2% en abril o mayo, seg\u00fan los datos de febrero"},"content":{"rendered":"\n<p>El Presidente\u00a0<strong>Javier Milei<\/strong>\u00a0anticip\u00f3 que en abril o mayo la inflaci\u00f3n podr\u00eda perforar la barrera del 2% mensual, una vez superadas cuestiones estacionales que impactar\u00e1n sobre los precios en marzo. El mensaje presidencial, a trav\u00e9s de un posteo en la red social X, se conoci\u00f3 tras la difusi\u00f3n del\u00a0<strong>Indice de Precios al Consumidor (IPC)<\/strong>\u00a0de febrero que lleg\u00f3 al 2,4%, algo por encima del 2,2% que se hab\u00eda registrado en enero.<\/p>\n","protected":false},"excerpt":{"rendered":"<p>El Presidente\u00a0Javier Milei\u00a0anticip\u00f3 que en abril o mayo la inflaci\u00f3n podr\u00eda perforar la barrera del 2% mensual, una vez superadas cuestiones estacionales que impactar\u00e1n sobre los precios en marzo. El mensaje presidencial, a trav\u00e9s de un posteo en la red social X, se conoci\u00f3 tras la difusi\u00f3n del\u00a0Indice de Precios al Consumidor (IPC)\u00a0de febrero que [&hellip;]<\/p>\n","protected":false},"author":2,"featured_media":4555,"comment_status":"open","ping_status":"open","sticky":false,"template":"","format":"standard","meta":{"footnotes":""},"categories":[24],"tags":[],"class_list":{"0":"post-4771","1":"post","2":"type-post","3":"status-publish","4":"format-standard","5":"has-post-thumbnail","7":"category-economia"},"aioseo_notices":[],"_links":{"self":[{"href":"https:\/\/lalupa24.com.ar\/index.php\/wp-json\/wp\/v2\/posts\/4771","targetHints":{"allow":["GET"]}}],"collection":[{"href":"https:\/\/lalupa24.com.ar\/index.php\/wp-json\/wp\/v2\/posts"}],"about":[{"href":"https:\/\/lalupa24.com.ar\/index.php\/wp-json\/wp\/v2\/types\/post"}],"author":[{"embeddable":true,"href":"https:\/\/lalupa24.com.ar\/index.php\/wp-json\/wp\/v2\/users\/2"}],"replies":[{"embeddable":true,"href":"https:\/\/lalupa24.com.ar\/index.php\/wp-json\/wp\/v2\/comments?post=4771"}],"version-history":[{"count":1,"href":"https:\/\/lalupa24.com.ar\/index.php\/wp-json\/wp\/v2\/posts\/4771\/revisions"}],"predecessor-version":[{"id":4772,"href":"https:\/\/lalupa24.com.ar\/index.php\/wp-json\/wp\/v2\/posts\/4771\/revisions\/4772"}],"wp:featuredmedia":[{"embeddable":true,"href":"https:\/\/lalupa24.com.ar\/index.php\/wp-json\/wp\/v2\/media\/4555"}],"wp:attachment":[{"href":"https:\/\/lalupa24.com.ar\/index.php\/wp-json\/wp\/v2\/media?parent=4771"}],"wp:term":[{"taxonomy":"category","embeddable":true,"href":"https:\/\/lalupa24.com.ar\/index.php\/wp-json\/wp\/v2\/categories?post=4771"},{"taxonomy":"post_tag","embeddable":true,"href":"https:\/\/lalupa24.com.ar\/index.php\/wp-json\/wp\/v2\/tags?post=4771"}],"curies":[{"name":"wp","href":"https:\/\/api.w.org\/{rel}","templated":true}]}}