{"id":4773,"date":"2025-03-15T14:03:56","date_gmt":"2025-03-15T17:03:56","guid":{"rendered":"https:\/\/lalupa24.com.ar\/?p=4773"},"modified":"2025-03-15T14:03:59","modified_gmt":"2025-03-15T17:03:59","slug":"kicillof-convoca-a-las-paso-en-la-provincia-de-buenos-aires-confiando-en-que-la-legislatura-las-suspenda","status":"publish","type":"post","link":"https:\/\/lalupa24.com.ar\/index.php\/2025\/03\/15\/kicillof-convoca-a-las-paso-en-la-provincia-de-buenos-aires-confiando-en-que-la-legislatura-las-suspenda\/","title":{"rendered":"Kicillof convoca a las PASO en la provincia de Buenos Aires, confiando en que la Legislatura las suspenda"},"content":{"rendered":"\n<p>El gobernador bonaerense, Axel Kicillof, firm\u00f3 hoy el decreto 367\/2025 para convocar a&nbsp;<strong>elecciones Primarias, Abiertas, Simult\u00e1neas y Obligatorias (PASO)<\/strong>&nbsp;en la provincia de Buenos Aires, y defini\u00f3 que se realizar\u00e1n el 13 de julio.<\/p>\n\n\n\n<p>Sin embargo, desde La Plata ratificaron que la idea del Ejecutivo bonaerense es que se suspendan, aunque&nbsp;<strong>aclararon que esa decisi\u00f3n es exclusiva de la Legislatura.<\/strong><\/p>\n","protected":false},"excerpt":{"rendered":"<p>El gobernador bonaerense, Axel Kicillof, firm\u00f3 hoy el decreto 367\/2025 para convocar a&nbsp;elecciones Primarias, Abiertas, Simult\u00e1neas y Obligatorias (PASO)&nbsp;en la provincia de Buenos Aires, y defini\u00f3 que se realizar\u00e1n el 13 de julio. Sin embargo, desde La Plata ratificaron que la idea del Ejecutivo bonaerense es que se suspendan, aunque&nbsp;aclararon que esa decisi\u00f3n es exclusiva [&hellip;]<\/p>\n","protected":false},"author":2,"featured_media":4774,"comment_status":"open","ping_status":"open","sticky":false,"template":"","format":"standard","meta":{"footnotes":""},"categories":[26],"tags":[],"class_list":{"0":"post-4773","1":"post","2":"type-post","3":"status-publish","4":"format-standard","5":"has-post-thumbnail","7":"category-nacionales"},"aioseo_notices":[],"_links":{"self":[{"href":"https:\/\/lalupa24.com.ar\/index.php\/wp-json\/wp\/v2\/posts\/4773","targetHints":{"allow":["GET"]}}],"collection":[{"href":"https:\/\/lalupa24.com.ar\/index.php\/wp-json\/wp\/v2\/posts"}],"about":[{"href":"https:\/\/lalupa24.com.ar\/index.php\/wp-json\/wp\/v2\/types\/post"}],"author":[{"embeddable":true,"href":"https:\/\/lalupa24.com.ar\/index.php\/wp-json\/wp\/v2\/users\/2"}],"replies":[{"embeddable":true,"href":"https:\/\/lalupa24.com.ar\/index.php\/wp-json\/wp\/v2\/comments?post=4773"}],"version-history":[{"count":1,"href":"https:\/\/lalupa24.com.ar\/index.php\/wp-json\/wp\/v2\/posts\/4773\/revisions"}],"predecessor-version":[{"id":4775,"href":"https:\/\/lalupa24.com.ar\/index.php\/wp-json\/wp\/v2\/posts\/4773\/revisions\/4775"}],"wp:featuredmedia":[{"embeddable":true,"href":"https:\/\/lalupa24.com.ar\/index.php\/wp-json\/wp\/v2\/media\/4774"}],"wp:attachment":[{"href":"https:\/\/lalupa24.com.ar\/index.php\/wp-json\/wp\/v2\/media?parent=4773"}],"wp:term":[{"taxonomy":"category","embeddable":true,"href":"https:\/\/lalupa24.com.ar\/index.php\/wp-json\/wp\/v2\/categories?post=4773"},{"taxonomy":"post_tag","embeddable":true,"href":"https:\/\/lalupa24.com.ar\/index.php\/wp-json\/wp\/v2\/tags?post=4773"}],"curies":[{"name":"wp","href":"https:\/\/api.w.org\/{rel}","templated":true}]}}